{"id":2212,"date":"2011-03-18T20:43:19","date_gmt":"2011-03-18T18:43:19","guid":{"rendered":"http:\/\/www.clairebouilhac.com\/?p=2212"},"modified":"2011-03-19T16:32:26","modified_gmt":"2011-03-19T14:32:26","slug":"2212","status":"publish","type":"post","link":"https:\/\/www.clairebouilhac.com\/?p=2212","title":{"rendered":"\u2022 Salon du livre \u2022"},"content":{"rendered":"<p>Hier soir, nous sommes all\u00e9es <a href=\"http:\/\/catel-m.com\/CATEL.muller\/\"target=\"blank\">Catel Muller<\/a> et moi \u00e0 l&rsquo;inauguration<br \/>\ndu Salon du Livre, Porte de Versailles. Nous avons fait le tour<br \/>\ndes stands, et pass\u00e9 de tr\u00e8s jolis moments avec plusieurs personnes.<br \/>\nMerci \u00e0 elles.<\/p>\n<p><img loading=\"lazy\" src=\"https:\/\/www.clairebouilhac.com\/wp-content\/uploads\/2011\/03\/sergio.jpg\" alt=\"sergio\" title=\"sergio\" width=\"400\" height=\"300\" class=\"alignnone size-full wp-image-2216\" srcset=\"https:\/\/www.clairebouilhac.com\/wp-content\/uploads\/2011\/03\/sergio.jpg 400w, https:\/\/www.clairebouilhac.com\/wp-content\/uploads\/2011\/03\/sergio-300x225.jpg 300w\" sizes=\"(max-width: 400px) 100vw, 400px\" \/><br \/>\nSergio Honorez, toujours sobre.<\/p>\n<p><img loading=\"lazy\" src=\"https:\/\/www.clairebouilhac.com\/wp-content\/uploads\/2011\/03\/pierre.jpg\" alt=\"pierre\" title=\"pierre\" width=\"400\" height=\"300\" class=\"alignnone size-full wp-image-2217\" srcset=\"https:\/\/www.clairebouilhac.com\/wp-content\/uploads\/2011\/03\/pierre.jpg 400w, https:\/\/www.clairebouilhac.com\/wp-content\/uploads\/2011\/03\/pierre-300x225.jpg 300w\" sizes=\"(max-width: 400px) 100vw, 400px\" \/><br \/>\nAu d\u00e9bott\u00e9, Pierre Vavasseur a laiss\u00e9 un po\u00e8me sur le carnet de Catel.<\/p>\n<p><img loading=\"lazy\" src=\"https:\/\/www.clairebouilhac.com\/wp-content\/uploads\/2011\/03\/Claire-Bouilhac-JC-Mezieres.jpg\" alt=\"Claire Bouilhac JC Mezieres\" title=\"Claire Bouilhac JC Mezieres\" width=\"400\" height=\"300\" class=\"alignnone size-full wp-image-2219\" srcset=\"https:\/\/www.clairebouilhac.com\/wp-content\/uploads\/2011\/03\/Claire-Bouilhac-JC-Mezieres.jpg 400w, https:\/\/www.clairebouilhac.com\/wp-content\/uploads\/2011\/03\/Claire-Bouilhac-JC-Mezieres-300x225.jpg 300w\" sizes=\"(max-width: 400px) 100vw, 400px\" \/><br \/>\nAvec Jean-Claude M\u00e9zi\u00e8res.<\/p>\n<p>Nous avons termin\u00e9 par un repas impromptu, au restaurant le ZEYER \u00e0 Al\u00e9sia.<br \/>\nLa  soir\u00e9e fut d\u00e9licieuse, comme peuvent l&rsquo;\u00eatre les choses improvis\u00e9es.<br \/>\nAvec nous, Laurent Turpin, Gilles Ratier, Yves Fr\u00e9mion, Jean-Claude M\u00e9zi\u00e8res,<br \/>\nJean-Luc et Lili Fromental, Jos\u00e9-Louis Bocquet, Michel Baverey et sa compagne.<\/p>\n","protected":false},"excerpt":{"rendered":"<p>Hier soir, nous sommes all\u00e9es Catel Muller et moi \u00e0 l&rsquo;inauguration du Salon du Livre, Porte de Versailles. Nous avons fait le tour des stands, et pass\u00e9 de tr\u00e8s jolis moments avec plusieurs personnes. Merci \u00e0 elles. Sergio Honorez, toujours sobre. Au d\u00e9bott\u00e9, Pierre Vavasseur a laiss\u00e9 un po\u00e8me sur le carnet de Catel. Avec [&hellip;]<\/p>\n","protected":false},"author":1,"featured_media":0,"comment_status":"open","ping_status":"open","sticky":false,"template":"","format":"standard","meta":[],"categories":[1],"tags":[],"aioseo_notices":[],"_links":{"self":[{"href":"https:\/\/www.clairebouilhac.com\/index.php?rest_route=\/wp\/v2\/posts\/2212"}],"collection":[{"href":"https:\/\/www.clairebouilhac.com\/index.php?rest_route=\/wp\/v2\/posts"}],"about":[{"href":"https:\/\/www.clairebouilhac.com\/index.php?rest_route=\/wp\/v2\/types\/post"}],"author":[{"embeddable":true,"href":"https:\/\/www.clairebouilhac.com\/index.php?rest_route=\/wp\/v2\/users\/1"}],"replies":[{"embeddable":true,"href":"https:\/\/www.clairebouilhac.com\/index.php?rest_route=%2Fwp%2Fv2%2Fcomments&post=2212"}],"version-history":[{"count":6,"href":"https:\/\/www.clairebouilhac.com\/index.php?rest_route=\/wp\/v2\/posts\/2212\/revisions"}],"predecessor-version":[{"id":2221,"href":"https:\/\/www.clairebouilhac.com\/index.php?rest_route=\/wp\/v2\/posts\/2212\/revisions\/2221"}],"wp:attachment":[{"href":"https:\/\/www.clairebouilhac.com\/index.php?rest_route=%2Fwp%2Fv2%2Fmedia&parent=2212"}],"wp:term":[{"taxonomy":"category","embeddable":true,"href":"https:\/\/www.clairebouilhac.com\/index.php?rest_route=%2Fwp%2Fv2%2Fcategories&post=2212"},{"taxonomy":"post_tag","embeddable":true,"href":"https:\/\/www.clairebouilhac.com\/index.php?rest_route=%2Fwp%2Fv2%2Ftags&post=2212"}],"curies":[{"name":"wp","href":"https:\/\/api.w.org\/{rel}","templated":true}]}}