{"id":3077,"date":"2012-11-08T13:45:30","date_gmt":"2012-11-08T12:45:30","guid":{"rendered":"http:\/\/www.clairebouilhac.com\/?p=3077"},"modified":"2012-11-19T22:24:38","modified_gmt":"2012-11-19T21:24:38","slug":"%e2%80%a2-arnage-%e2%80%a2","status":"publish","type":"post","link":"https:\/\/www.clairebouilhac.com\/?p=3077","title":{"rendered":"\u2022 Arnage \u2022"},"content":{"rendered":"<p><a href=\"https:\/\/www.clairebouilhac.com\/wp-content\/uploads\/2012\/11\/ARNAGE-AFFICHE-150.jpg\"><img loading=\"lazy\" class=\"alignleft size-full wp-image-3086\" title=\"ARNAGE-AFFICHE 150\" src=\"https:\/\/www.clairebouilhac.com\/wp-content\/uploads\/2012\/11\/ARNAGE-AFFICHE-150.jpg\" alt=\"\" width=\"500\" height=\"750\" srcset=\"https:\/\/www.clairebouilhac.com\/wp-content\/uploads\/2012\/11\/ARNAGE-AFFICHE-150.jpg 500w, https:\/\/www.clairebouilhac.com\/wp-content\/uploads\/2012\/11\/ARNAGE-AFFICHE-150-200x300.jpg 200w\" sizes=\"(max-width: 500px) 100vw, 500px\" \/><\/a><\/p>\n<p><a href=\"http:\/\/www.catel-m.com\/\" target=\"_blank\">Catel Muller<\/a> a dessin\u00e9 cette ann\u00e9e l&rsquo;affiche du festival <a href=\"http:\/\/www.pedagogie.ac-nantes.fr\/1350393567932\/0\/fiche___actualite\/\" target=\"_blank\">BD MANIA<\/a>, \u00e0 Arnage, pr\u00e8s du Mans.<br \/>\nApr\u00e8s des interventions en milieu scolaire jeudi et vendredi, c&rsquo;est en sa compagnie que je d\u00e9dicacerai lors du festival samedi et dimanche. Venez tous!!!<\/p>\n<p><a href=\"https:\/\/www.clairebouilhac.com\/wp-content\/uploads\/2010\/11\/Sans-titre-1.jpg\"><img loading=\"lazy\" class=\"size-full wp-image-3053 aligncenter\" title=\"Sans titre-1\" src=\"https:\/\/www.clairebouilhac.com\/wp-content\/uploads\/2010\/11\/Sans-titre-1.jpg\" alt=\"\" width=\"356\" height=\"365\" srcset=\"https:\/\/www.clairebouilhac.com\/wp-content\/uploads\/2010\/11\/Sans-titre-1.jpg 356w, https:\/\/www.clairebouilhac.com\/wp-content\/uploads\/2010\/11\/Sans-titre-1-292x300.jpg 292w\" sizes=\"(max-width: 356px) 100vw, 356px\" \/><\/a><\/p>\n","protected":false},"excerpt":{"rendered":"<p>Catel Muller a dessin\u00e9 cette ann\u00e9e l&rsquo;affiche du festival BD MANIA, \u00e0 Arnage, pr\u00e8s du Mans. Apr\u00e8s des interventions en milieu scolaire jeudi et vendredi, c&rsquo;est en sa compagnie que je d\u00e9dicacerai lors du festival samedi et dimanche. Venez tous!!!<\/p>\n","protected":false},"author":1,"featured_media":0,"comment_status":"open","ping_status":"open","sticky":false,"template":"","format":"standard","meta":[],"categories":[29],"tags":[],"aioseo_notices":[],"_links":{"self":[{"href":"https:\/\/www.clairebouilhac.com\/index.php?rest_route=\/wp\/v2\/posts\/3077"}],"collection":[{"href":"https:\/\/www.clairebouilhac.com\/index.php?rest_route=\/wp\/v2\/posts"}],"about":[{"href":"https:\/\/www.clairebouilhac.com\/index.php?rest_route=\/wp\/v2\/types\/post"}],"author":[{"embeddable":true,"href":"https:\/\/www.clairebouilhac.com\/index.php?rest_route=\/wp\/v2\/users\/1"}],"replies":[{"embeddable":true,"href":"https:\/\/www.clairebouilhac.com\/index.php?rest_route=%2Fwp%2Fv2%2Fcomments&post=3077"}],"version-history":[{"count":14,"href":"https:\/\/www.clairebouilhac.com\/index.php?rest_route=\/wp\/v2\/posts\/3077\/revisions"}],"predecessor-version":[{"id":3115,"href":"https:\/\/www.clairebouilhac.com\/index.php?rest_route=\/wp\/v2\/posts\/3077\/revisions\/3115"}],"wp:attachment":[{"href":"https:\/\/www.clairebouilhac.com\/index.php?rest_route=%2Fwp%2Fv2%2Fmedia&parent=3077"}],"wp:term":[{"taxonomy":"category","embeddable":true,"href":"https:\/\/www.clairebouilhac.com\/index.php?rest_route=%2Fwp%2Fv2%2Fcategories&post=3077"},{"taxonomy":"post_tag","embeddable":true,"href":"https:\/\/www.clairebouilhac.com\/index.php?rest_route=%2Fwp%2Fv2%2Ftags&post=3077"}],"curies":[{"name":"wp","href":"https:\/\/api.w.org\/{rel}","templated":true}]}}