{"id":3520,"date":"2013-09-21T13:54:41","date_gmt":"2013-09-21T11:54:41","guid":{"rendered":"http:\/\/www.clairebouilhac.com\/?p=3520"},"modified":"2013-11-20T10:30:31","modified_gmt":"2013-11-20T09:30:31","slug":"%e2%80%a2-bd-a-bedee-%e2%80%a2","status":"publish","type":"post","link":"https:\/\/www.clairebouilhac.com\/?p=3520","title":{"rendered":"\u2022 BD \u00e0 B\u00e9d\u00e9e \u2022"},"content":{"rendered":"<p>Demain dimanche, je d\u00e9dicacerai au Festival\u00a0<a href=\"http:\/\/www.preenbulles.fr\" target=\"_blank\">Pr\u00e9 en Bulles<\/a>\u00a0\u00e0 B\u00e9d\u00e9e<br \/>\n<a href=\"https:\/\/www.clairebouilhac.com\/wp-content\/uploads\/2010\/11\/Penn_Sardin_rough_192.jpg\"><img loading=\"lazy\" title=\"Penn_Sardin_rough_192\" src=\"https:\/\/www.clairebouilhac.com\/wp-content\/uploads\/2010\/11\/Penn_Sardin_rough_192-703x1024.jpg\" alt=\"\" width=\"500\" height=\"728\" \/><\/a><\/p>\n","protected":false},"excerpt":{"rendered":"<p>Demain dimanche, je d\u00e9dicacerai au Festival\u00a0Pr\u00e9 en Bulles\u00a0\u00e0 B\u00e9d\u00e9e<\/p>\n","protected":false},"author":1,"featured_media":0,"comment_status":"open","ping_status":"open","sticky":false,"template":"","format":"standard","meta":[],"categories":[7,29,38,37],"tags":[],"aioseo_notices":[],"_links":{"self":[{"href":"https:\/\/www.clairebouilhac.com\/index.php?rest_route=\/wp\/v2\/posts\/3520"}],"collection":[{"href":"https:\/\/www.clairebouilhac.com\/index.php?rest_route=\/wp\/v2\/posts"}],"about":[{"href":"https:\/\/www.clairebouilhac.com\/index.php?rest_route=\/wp\/v2\/types\/post"}],"author":[{"embeddable":true,"href":"https:\/\/www.clairebouilhac.com\/index.php?rest_route=\/wp\/v2\/users\/1"}],"replies":[{"embeddable":true,"href":"https:\/\/www.clairebouilhac.com\/index.php?rest_route=%2Fwp%2Fv2%2Fcomments&post=3520"}],"version-history":[{"count":2,"href":"https:\/\/www.clairebouilhac.com\/index.php?rest_route=\/wp\/v2\/posts\/3520\/revisions"}],"predecessor-version":[{"id":3636,"href":"https:\/\/www.clairebouilhac.com\/index.php?rest_route=\/wp\/v2\/posts\/3520\/revisions\/3636"}],"wp:attachment":[{"href":"https:\/\/www.clairebouilhac.com\/index.php?rest_route=%2Fwp%2Fv2%2Fmedia&parent=3520"}],"wp:term":[{"taxonomy":"category","embeddable":true,"href":"https:\/\/www.clairebouilhac.com\/index.php?rest_route=%2Fwp%2Fv2%2Fcategories&post=3520"},{"taxonomy":"post_tag","embeddable":true,"href":"https:\/\/www.clairebouilhac.com\/index.php?rest_route=%2Fwp%2Fv2%2Ftags&post=3520"}],"curies":[{"name":"wp","href":"https:\/\/api.w.org\/{rel}","templated":true}]}}