{"id":4469,"date":"2015-07-12T11:20:07","date_gmt":"2015-07-12T09:20:07","guid":{"rendered":"http:\/\/www.clairebouilhac.com\/?p=4469"},"modified":"2015-07-12T11:24:45","modified_gmt":"2015-07-12T09:24:45","slug":"%e2%80%a2-erlangen-%e2%80%a2","status":"publish","type":"post","link":"https:\/\/www.clairebouilhac.com\/?p=4469","title":{"rendered":"\u2022 Erlangen \u2022"},"content":{"rendered":"<p>Le 8 juillet \u00e0 19 h, \u00e0 l&rsquo;institut franco-allemand d&rsquo;Erlangen, conf\u00e9rence FEMMES ET BANDES DESSIN\u00c9ES, LES ACTRICES DE LA BD FRANCO-BELGE.<\/p>\n<p>Merci aux organisateurs et aux auditeurs pour leur tr\u00e8s chaleureux accueil.<\/p>\n<p>Accompagnant le visiteur jusqu&rsquo;\u00e0 la salle de conf\u00e9rence, une exposition de plusieurs de mes dessins pour <a href=\"https:\/\/www.clairebouilhac.com\/?page_id=1111\">LE VIF LE WEEK END.<\/a><\/p>\n<p><a href=\"https:\/\/www.clairebouilhac.com\/wp-content\/uploads\/2015\/07\/expo-erlangen-1.jpg\"><img loading=\"lazy\" class=\"alignnone size-full wp-image-4470\" src=\"https:\/\/www.clairebouilhac.com\/wp-content\/uploads\/2015\/07\/expo-erlangen-1.jpg\" alt=\"expo erlangen 1\" width=\"500\" height=\"281\" srcset=\"https:\/\/www.clairebouilhac.com\/wp-content\/uploads\/2015\/07\/expo-erlangen-1.jpg 500w, https:\/\/www.clairebouilhac.com\/wp-content\/uploads\/2015\/07\/expo-erlangen-1-300x169.jpg 300w\" sizes=\"(max-width: 500px) 100vw, 500px\" \/><\/a><\/p>\n<p>&nbsp;<\/p>\n<p><a href=\"https:\/\/www.clairebouilhac.com\/wp-content\/uploads\/2015\/07\/expo-erlangen-2.jpg\"><img loading=\"lazy\" class=\"alignnone size-full wp-image-4471\" src=\"https:\/\/www.clairebouilhac.com\/wp-content\/uploads\/2015\/07\/expo-erlangen-2.jpg\" alt=\"expo erlangen 2\" width=\"500\" height=\"281\" srcset=\"https:\/\/www.clairebouilhac.com\/wp-content\/uploads\/2015\/07\/expo-erlangen-2.jpg 500w, https:\/\/www.clairebouilhac.com\/wp-content\/uploads\/2015\/07\/expo-erlangen-2-300x169.jpg 300w\" sizes=\"(max-width: 500px) 100vw, 500px\" \/><\/a><\/p>\n<p>&nbsp;<\/p>\n<p><a href=\"https:\/\/www.clairebouilhac.com\/wp-content\/uploads\/2015\/07\/expo-erlangen-3.jpg\"><img loading=\"lazy\" class=\"alignnone size-full wp-image-4472\" src=\"https:\/\/www.clairebouilhac.com\/wp-content\/uploads\/2015\/07\/expo-erlangen-3.jpg\" alt=\"expo erlangen 3\" width=\"500\" height=\"889\" srcset=\"https:\/\/www.clairebouilhac.com\/wp-content\/uploads\/2015\/07\/expo-erlangen-3.jpg 500w, https:\/\/www.clairebouilhac.com\/wp-content\/uploads\/2015\/07\/expo-erlangen-3-169x300.jpg 169w\" sizes=\"(max-width: 500px) 100vw, 500px\" \/><\/a><\/p>\n","protected":false},"excerpt":{"rendered":"<p>Le 8 juillet \u00e0 19 h, \u00e0 l&rsquo;institut franco-allemand d&rsquo;Erlangen, conf\u00e9rence FEMMES ET BANDES DESSIN\u00c9ES, LES ACTRICES DE LA BD FRANCO-BELGE. Merci aux organisateurs et aux auditeurs pour leur tr\u00e8s chaleureux accueil. Accompagnant le visiteur jusqu&rsquo;\u00e0 la salle de conf\u00e9rence, une exposition de plusieurs de mes dessins pour LE VIF LE WEEK END. &nbsp; &nbsp;<\/p>\n","protected":false},"author":408,"featured_media":0,"comment_status":"open","ping_status":"open","sticky":false,"template":"","format":"standard","meta":[],"categories":[43,34],"tags":[],"aioseo_notices":[],"_links":{"self":[{"href":"https:\/\/www.clairebouilhac.com\/index.php?rest_route=\/wp\/v2\/posts\/4469"}],"collection":[{"href":"https:\/\/www.clairebouilhac.com\/index.php?rest_route=\/wp\/v2\/posts"}],"about":[{"href":"https:\/\/www.clairebouilhac.com\/index.php?rest_route=\/wp\/v2\/types\/post"}],"author":[{"embeddable":true,"href":"https:\/\/www.clairebouilhac.com\/index.php?rest_route=\/wp\/v2\/users\/408"}],"replies":[{"embeddable":true,"href":"https:\/\/www.clairebouilhac.com\/index.php?rest_route=%2Fwp%2Fv2%2Fcomments&post=4469"}],"version-history":[{"count":2,"href":"https:\/\/www.clairebouilhac.com\/index.php?rest_route=\/wp\/v2\/posts\/4469\/revisions"}],"predecessor-version":[{"id":4474,"href":"https:\/\/www.clairebouilhac.com\/index.php?rest_route=\/wp\/v2\/posts\/4469\/revisions\/4474"}],"wp:attachment":[{"href":"https:\/\/www.clairebouilhac.com\/index.php?rest_route=%2Fwp%2Fv2%2Fmedia&parent=4469"}],"wp:term":[{"taxonomy":"category","embeddable":true,"href":"https:\/\/www.clairebouilhac.com\/index.php?rest_route=%2Fwp%2Fv2%2Fcategories&post=4469"},{"taxonomy":"post_tag","embeddable":true,"href":"https:\/\/www.clairebouilhac.com\/index.php?rest_route=%2Fwp%2Fv2%2Ftags&post=4469"}],"curies":[{"name":"wp","href":"https:\/\/api.w.org\/{rel}","templated":true}]}}