{"id":4496,"date":"2015-07-16T00:04:54","date_gmt":"2015-07-15T22:04:54","guid":{"rendered":"http:\/\/www.clairebouilhac.com\/?p=4496"},"modified":"2015-08-01T11:18:29","modified_gmt":"2015-08-01T09:18:29","slug":"%e2%80%a2-zip-shebam-pow-blop-wizz-workshop-erlangen-%e2%80%a2","status":"publish","type":"post","link":"https:\/\/www.clairebouilhac.com\/?p=4496","title":{"rendered":"\u2022 ZIP! SHEBAM! POW! BLOP! WIZZ! \u2022"},"content":{"rendered":"<p>&nbsp;<\/p>\n<p><a href=\"https:\/\/www.clairebouilhac.com\/wp-content\/uploads\/2015\/08\/etranger-illustre-coul.jpg\"><img loading=\"lazy\" class=\"alignnone size-full wp-image-4498\" src=\"https:\/\/www.clairebouilhac.com\/wp-content\/uploads\/2015\/08\/etranger-illustre-coul.jpg\" alt=\"etranger illustre coul\" width=\"500\" height=\"688\" srcset=\"https:\/\/www.clairebouilhac.com\/wp-content\/uploads\/2015\/08\/etranger-illustre-coul.jpg 500w, https:\/\/www.clairebouilhac.com\/wp-content\/uploads\/2015\/08\/etranger-illustre-coul-218x300.jpg 218w\" sizes=\"(max-width: 500px) 100vw, 500px\" \/><\/a><\/p>\n<p style=\"text-align: center;\">DESSIN SUR LE TH\u00c8ME DE\u00a0\u00ab\u00a0L&rsquo;\u00c9TRANGER\u00a0\u00bb.<\/p>\n<p>Le 14 juillet, \u00e0 Erlangen, atelier BD avec deux\u00a0classes ABIBAC.<\/p>\n<p>Merci beaucoup \u00e0 Klaus M\u00f6sel, leur professeur de fran\u00e7ais, qui m&rsquo;a accompagn\u00e9e activement tout au long de ce workshop.<\/p>\n<p>Merci \u00e9galement\u00a0aux \u00e9l\u00e8ves, \u00e9patants par leurs connaissances linguistiques, leur cr\u00e9ativit\u00e9, leur investissement.<\/p>\n<p>&nbsp;<\/p>\n<p><a href=\"https:\/\/www.clairebouilhac.com\/wp-content\/uploads\/2015\/08\/quelques-travaux.jpg\"><img loading=\"lazy\" class=\"alignnone size-full wp-image-4509\" src=\"https:\/\/www.clairebouilhac.com\/wp-content\/uploads\/2015\/08\/quelques-travaux.jpg\" alt=\"quelques travaux\" width=\"500\" height=\"404\" srcset=\"https:\/\/www.clairebouilhac.com\/wp-content\/uploads\/2015\/08\/quelques-travaux.jpg 500w, https:\/\/www.clairebouilhac.com\/wp-content\/uploads\/2015\/08\/quelques-travaux-300x242.jpg 300w\" sizes=\"(max-width: 500px) 100vw, 500px\" \/><\/a><\/p>\n<p>Ils ont r\u00e9alis\u00e9 de tr\u00e8s belles pages\u00a0sur le th\u00e8me de \u00ab\u00a0l&rsquo;\u00e9tranger\u00a0\u00bb,\u00a0r\u00e9unies dans un fascicule qui j&rsquo;esp\u00e8re leur sera\u00a0un aussi bon souvenir que celui que je garde de cette journ\u00e9e.<\/p>\n<p><a href=\"https:\/\/www.clairebouilhac.com\/wp-content\/uploads\/2015\/08\/extrait-fascicule.jpg\"><img loading=\"lazy\" class=\"alignnone size-full wp-image-4510\" src=\"https:\/\/www.clairebouilhac.com\/wp-content\/uploads\/2015\/08\/extrait-fascicule.jpg\" alt=\"extrait fascicule\" width=\"500\" height=\"486\" srcset=\"https:\/\/www.clairebouilhac.com\/wp-content\/uploads\/2015\/08\/extrait-fascicule.jpg 500w, https:\/\/www.clairebouilhac.com\/wp-content\/uploads\/2015\/08\/extrait-fascicule-300x292.jpg 300w\" sizes=\"(max-width: 500px) 100vw, 500px\" \/><\/a><\/p>\n<p>&nbsp;<\/p>\n<p><a href=\"https:\/\/www.clairebouilhac.com\/wp-content\/uploads\/2015\/08\/groupe.jpg\"><img loading=\"lazy\" class=\"alignnone size-full wp-image-4499\" src=\"https:\/\/www.clairebouilhac.com\/wp-content\/uploads\/2015\/08\/groupe.jpg\" alt=\"groupe\" width=\"500\" height=\"375\" srcset=\"https:\/\/www.clairebouilhac.com\/wp-content\/uploads\/2015\/08\/groupe.jpg 500w, https:\/\/www.clairebouilhac.com\/wp-content\/uploads\/2015\/08\/groupe-300x225.jpg 300w\" sizes=\"(max-width: 500px) 100vw, 500px\" \/><\/a><\/p>\n<p>&nbsp;<\/p>\n","protected":false},"excerpt":{"rendered":"<p>&nbsp; DESSIN SUR LE TH\u00c8ME DE\u00a0\u00ab\u00a0L&rsquo;\u00c9TRANGER\u00a0\u00bb. Le 14 juillet, \u00e0 Erlangen, atelier BD avec deux\u00a0classes ABIBAC. Merci beaucoup \u00e0 Klaus M\u00f6sel, leur professeur de fran\u00e7ais, qui m&rsquo;a accompagn\u00e9e activement tout au long de ce workshop. Merci \u00e9galement\u00a0aux \u00e9l\u00e8ves, \u00e9patants par leurs connaissances linguistiques, leur cr\u00e9ativit\u00e9, leur investissement. &nbsp; Ils ont r\u00e9alis\u00e9 de tr\u00e8s belles pages\u00a0sur [&hellip;]<\/p>\n","protected":false},"author":408,"featured_media":0,"comment_status":"open","ping_status":"open","sticky":false,"template":"","format":"standard","meta":[],"categories":[43],"tags":[],"aioseo_notices":[],"_links":{"self":[{"href":"https:\/\/www.clairebouilhac.com\/index.php?rest_route=\/wp\/v2\/posts\/4496"}],"collection":[{"href":"https:\/\/www.clairebouilhac.com\/index.php?rest_route=\/wp\/v2\/posts"}],"about":[{"href":"https:\/\/www.clairebouilhac.com\/index.php?rest_route=\/wp\/v2\/types\/post"}],"author":[{"embeddable":true,"href":"https:\/\/www.clairebouilhac.com\/index.php?rest_route=\/wp\/v2\/users\/408"}],"replies":[{"embeddable":true,"href":"https:\/\/www.clairebouilhac.com\/index.php?rest_route=%2Fwp%2Fv2%2Fcomments&post=4496"}],"version-history":[{"count":14,"href":"https:\/\/www.clairebouilhac.com\/index.php?rest_route=\/wp\/v2\/posts\/4496\/revisions"}],"predecessor-version":[{"id":4515,"href":"https:\/\/www.clairebouilhac.com\/index.php?rest_route=\/wp\/v2\/posts\/4496\/revisions\/4515"}],"wp:attachment":[{"href":"https:\/\/www.clairebouilhac.com\/index.php?rest_route=%2Fwp%2Fv2%2Fmedia&parent=4496"}],"wp:term":[{"taxonomy":"category","embeddable":true,"href":"https:\/\/www.clairebouilhac.com\/index.php?rest_route=%2Fwp%2Fv2%2Fcategories&post=4496"},{"taxonomy":"post_tag","embeddable":true,"href":"https:\/\/www.clairebouilhac.com\/index.php?rest_route=%2Fwp%2Fv2%2Ftags&post=4496"}],"curies":[{"name":"wp","href":"https:\/\/api.w.org\/{rel}","templated":true}]}}