{"id":4733,"date":"2015-10-06T11:03:38","date_gmt":"2015-10-06T09:03:38","guid":{"rendered":"http:\/\/www.clairebouilhac.com\/?p=4733"},"modified":"2015-10-06T11:15:08","modified_gmt":"2015-10-06T09:15:08","slug":"%e2%80%a2-retour-de-chateau-gontier-%e2%80%a2","status":"publish","type":"post","link":"https:\/\/www.clairebouilhac.com\/?p=4733","title":{"rendered":"\u2022 Retour de Ch\u00e2teau-Gontier \u2022"},"content":{"rendered":"<div>Un grand merci \u00e0 tous pour ce formidable moment, dans le superbe <a href=\"http:\/\/www.ville-chateau-gontier.fr\/ursulines\/?page_id=9\" target=\"_blank\">couvent des Ursulines<\/a>\u2026 avec une tr\u00e8s belle exposition autour de <strong>ADIEU KHARKOV<\/strong> et de <strong>MYL\u00c8NE DEMONGEOT<\/strong>.<\/div>\n<p><\/p>\n<div>Et bien s\u00fbr la visite du <a href=\"http:\/\/www.refuge-arche.org\" target=\"_blank\"><strong>REFUGE de l&rsquo;ARCHE<\/strong><\/a>, lieu incroyable et h\u00e9las n\u00e9cessaire.<\/div>\n<p><\/p>\n<div><a href=\"https:\/\/www.clairebouilhac.com\/wp-content\/uploads\/2015\/10\/BD2015-10-03-15.06.43.jpg\"><img loading=\"lazy\" class=\"alignnone size-full wp-image-4734\" src=\"https:\/\/www.clairebouilhac.com\/wp-content\/uploads\/2015\/10\/BD2015-10-03-15.06.43.jpg\" alt=\"BD2015-10-03 15.06.43\" width=\"500\" height=\"373\" srcset=\"https:\/\/www.clairebouilhac.com\/wp-content\/uploads\/2015\/10\/BD2015-10-03-15.06.43.jpg 500w, https:\/\/www.clairebouilhac.com\/wp-content\/uploads\/2015\/10\/BD2015-10-03-15.06.43-300x224.jpg 300w\" sizes=\"(max-width: 500px) 100vw, 500px\" \/><\/a><\/div>\n<div><\/div>\n<p><\/p>\n<div><a href=\"https:\/\/www.clairebouilhac.com\/wp-content\/uploads\/2015\/10\/BD2015-10-03-17.59.02.jpg\"><img loading=\"lazy\" class=\"alignnone size-full wp-image-4736\" src=\"https:\/\/www.clairebouilhac.com\/wp-content\/uploads\/2015\/10\/BD2015-10-03-17.59.02.jpg\" alt=\"BD2015-10-03 17.59.02\" width=\"500\" height=\"518\" srcset=\"https:\/\/www.clairebouilhac.com\/wp-content\/uploads\/2015\/10\/BD2015-10-03-17.59.02.jpg 500w, https:\/\/www.clairebouilhac.com\/wp-content\/uploads\/2015\/10\/BD2015-10-03-17.59.02-290x300.jpg 290w\" sizes=\"(max-width: 500px) 100vw, 500px\" \/><\/a><\/div>\n<div><\/div>\n<div><\/div>\n<div><\/div>\n<p><\/p>\n<div><a href=\"https:\/\/www.clairebouilhac.com\/wp-content\/uploads\/2015\/10\/BD2015-10-03-17.59.12.jpg\"><img loading=\"lazy\" class=\"alignnone size-full wp-image-4737\" src=\"https:\/\/www.clairebouilhac.com\/wp-content\/uploads\/2015\/10\/BD2015-10-03-17.59.12.jpg\" alt=\"BD2015-10-03 17.59.12\" width=\"500\" height=\"373\" srcset=\"https:\/\/www.clairebouilhac.com\/wp-content\/uploads\/2015\/10\/BD2015-10-03-17.59.12.jpg 500w, https:\/\/www.clairebouilhac.com\/wp-content\/uploads\/2015\/10\/BD2015-10-03-17.59.12-300x224.jpg 300w\" sizes=\"(max-width: 500px) 100vw, 500px\" \/><\/a><\/div>\n<div><\/div>\n<div><\/div>\n<div><\/div>\n<div><\/div>\n<div><\/div>\n<p><\/p>\n<div><a href=\"https:\/\/www.clairebouilhac.com\/wp-content\/uploads\/2015\/10\/BDdrolesdedames.jpg\"><img loading=\"lazy\" class=\"alignnone size-full wp-image-4738\" src=\"https:\/\/www.clairebouilhac.com\/wp-content\/uploads\/2015\/10\/BDdrolesdedames.jpg\" alt=\"BDdrolesdedames\" width=\"500\" height=\"333\" srcset=\"https:\/\/www.clairebouilhac.com\/wp-content\/uploads\/2015\/10\/BDdrolesdedames.jpg 500w, https:\/\/www.clairebouilhac.com\/wp-content\/uploads\/2015\/10\/BDdrolesdedames-300x200.jpg 300w\" sizes=\"(max-width: 500px) 100vw, 500px\" \/><\/a><\/div>\n<div><\/div>\n<div><\/div>\n<p><\/p>\n<div>Bien entour\u00e9e de <a href=\"http:\/\/marieannedidierjean.blogspot.fr\" target=\"_blank\">Marie-Anne DIDIERJEAN<\/a>, <a href=\"http:\/\/www.catel-m.com\" target=\"_blank\">CATEL Muller<\/a> et <a href=\"http:\/\/www.mylene-demongeot.fr\" target=\"_blank\">Myl\u00e8ne DEMONGEOT<\/a>!<\/div>\n<div>(\u00a9 fr\u00e9d\u00e9ric Coquemont)<\/div>\n<div><\/div>\n<div><\/div>\n<div><\/div>\n<p>&nbsp;<\/p>\n","protected":false},"excerpt":{"rendered":"<p>Un grand merci \u00e0 tous pour ce formidable moment, dans le superbe couvent des Ursulines\u2026 avec une tr\u00e8s belle exposition autour de ADIEU KHARKOV et de MYL\u00c8NE DEMONGEOT. Et bien s\u00fbr la visite du REFUGE de l&rsquo;ARCHE, lieu incroyable et h\u00e9las n\u00e9cessaire. Bien entour\u00e9e de Marie-Anne DIDIERJEAN, CATEL Muller et Myl\u00e8ne DEMONGEOT! (\u00a9 fr\u00e9d\u00e9ric Coquemont) [&hellip;]<\/p>\n","protected":false},"author":408,"featured_media":0,"comment_status":"open","ping_status":"open","sticky":false,"template":"","format":"standard","meta":[],"categories":[29,36,45,38],"tags":[],"aioseo_notices":[],"_links":{"self":[{"href":"https:\/\/www.clairebouilhac.com\/index.php?rest_route=\/wp\/v2\/posts\/4733"}],"collection":[{"href":"https:\/\/www.clairebouilhac.com\/index.php?rest_route=\/wp\/v2\/posts"}],"about":[{"href":"https:\/\/www.clairebouilhac.com\/index.php?rest_route=\/wp\/v2\/types\/post"}],"author":[{"embeddable":true,"href":"https:\/\/www.clairebouilhac.com\/index.php?rest_route=\/wp\/v2\/users\/408"}],"replies":[{"embeddable":true,"href":"https:\/\/www.clairebouilhac.com\/index.php?rest_route=%2Fwp%2Fv2%2Fcomments&post=4733"}],"version-history":[{"count":13,"href":"https:\/\/www.clairebouilhac.com\/index.php?rest_route=\/wp\/v2\/posts\/4733\/revisions"}],"predecessor-version":[{"id":4751,"href":"https:\/\/www.clairebouilhac.com\/index.php?rest_route=\/wp\/v2\/posts\/4733\/revisions\/4751"}],"wp:attachment":[{"href":"https:\/\/www.clairebouilhac.com\/index.php?rest_route=%2Fwp%2Fv2%2Fmedia&parent=4733"}],"wp:term":[{"taxonomy":"category","embeddable":true,"href":"https:\/\/www.clairebouilhac.com\/index.php?rest_route=%2Fwp%2Fv2%2Fcategories&post=4733"},{"taxonomy":"post_tag","embeddable":true,"href":"https:\/\/www.clairebouilhac.com\/index.php?rest_route=%2Fwp%2Fv2%2Ftags&post=4733"}],"curies":[{"name":"wp","href":"https:\/\/api.w.org\/{rel}","templated":true}]}}