{"id":4943,"date":"2016-01-12T14:48:49","date_gmt":"2016-01-12T13:48:49","guid":{"rendered":"http:\/\/www.clairebouilhac.com\/?p=4943"},"modified":"2016-01-12T14:55:04","modified_gmt":"2016-01-12T13:55:04","slug":"%e2%80%a2-francis-au-theatre-%e2%80%a2","status":"publish","type":"post","link":"https:\/\/www.clairebouilhac.com\/?p=4943","title":{"rendered":"\u2022 Francis au th\u00e9\u00e2tre \u2022"},"content":{"rendered":"<p><a href=\"https:\/\/www.clairebouilhac.com\/wp-content\/uploads\/2016\/01\/bd-francis-theatre.jpg\"><img loading=\"lazy\" class=\"alignnone size-full wp-image-4944\" src=\"https:\/\/www.clairebouilhac.com\/wp-content\/uploads\/2016\/01\/bd-francis-theatre.jpg\" alt=\"bd francis theatre\" width=\"500\" height=\"441\" srcset=\"https:\/\/www.clairebouilhac.com\/wp-content\/uploads\/2016\/01\/bd-francis-theatre.jpg 500w, https:\/\/www.clairebouilhac.com\/wp-content\/uploads\/2016\/01\/bd-francis-theatre-300x265.jpg 300w\" sizes=\"(max-width: 500px) 100vw, 500px\" \/><\/a><\/p>\n<p><a href=\"http:\/\/www.victorb.be\/spectacles\/francis-sauve-le-monde-78.html\" target=\"_blank\">La Compagnie Victor B.<\/a> adapte Francis le blaireau au t\u00e9\u00e2tre!<br \/>\n<strong>Repr\u00e9sentations au Th\u00e9\u00e2tre de Namur du 12 au 23 janvier 2016.<br \/>\n<\/strong><\/p>\n<p><strong>D\u2019apr\u00e8s la s\u00e9rie Francis, une BD de Claire Bouilhac et Jake Raynal (\u00e9ditions Corn\u00e9lius)<\/strong><br \/>\nAdaptation et mise en sc\u00e8ne : Jean-Michel Fr\u00e8re<br \/>\nAvec : Pauline Desmarets, Simon Wauters et S\u00e9bastien Derock<br \/>\nSc\u00e9nographie, objets et costumes : Coline Vergez<br \/>\nCr\u00e9ation Lumi\u00e8res : Julien Soumillon<br \/>\nAvec l\u2019aide de Johan Flamey, Luca Derom<\/p>\n<p>Une production <a href=\"http:\/\/www.victorb.be\/spectacles\/francis-sauve-le-monde-78.html\" target=\"_blank\">Compagnie Victor B.<\/a> et Th\u00e9\u00e2tre de Namur\/Centre Dramatique.<\/p>\n<p><a href=\"https:\/\/vimeo.com\/149123801\" target=\"_blank\"><br \/>\n<\/a><a href=\"https:\/\/vimeo.com\/149123801\" target=\"_blank\"><img loading=\"lazy\" class=\"alignnone size-full wp-image-4948\" src=\"https:\/\/www.clairebouilhac.com\/wp-content\/uploads\/2016\/01\/bd-francis-theatre2.jpg\" alt=\"bd francis theatre2\" width=\"500\" height=\"280\" srcset=\"https:\/\/www.clairebouilhac.com\/wp-content\/uploads\/2016\/01\/bd-francis-theatre2.jpg 500w, https:\/\/www.clairebouilhac.com\/wp-content\/uploads\/2016\/01\/bd-francis-theatre2-300x168.jpg 300w\" sizes=\"(max-width: 500px) 100vw, 500px\" \/><\/a><a href=\"https:\/\/vimeo.com\/149123801\" target=\"_blank\">Teaser vid\u00e9o<\/a><\/p>\n","protected":false},"excerpt":{"rendered":"<p>La Compagnie Victor B. adapte Francis le blaireau au t\u00e9\u00e2tre! Repr\u00e9sentations au Th\u00e9\u00e2tre de Namur du 12 au 23 janvier 2016. D\u2019apr\u00e8s la s\u00e9rie Francis, une BD de Claire Bouilhac et Jake Raynal (\u00e9ditions Corn\u00e9lius) Adaptation et mise en sc\u00e8ne : Jean-Michel Fr\u00e8re Avec : Pauline Desmarets, Simon Wauters et S\u00e9bastien Derock Sc\u00e9nographie, objets et [&hellip;]<\/p>\n","protected":false},"author":408,"featured_media":0,"comment_status":"open","ping_status":"open","sticky":false,"template":"","format":"standard","meta":[],"categories":[40,37],"tags":[],"aioseo_notices":[],"_links":{"self":[{"href":"https:\/\/www.clairebouilhac.com\/index.php?rest_route=\/wp\/v2\/posts\/4943"}],"collection":[{"href":"https:\/\/www.clairebouilhac.com\/index.php?rest_route=\/wp\/v2\/posts"}],"about":[{"href":"https:\/\/www.clairebouilhac.com\/index.php?rest_route=\/wp\/v2\/types\/post"}],"author":[{"embeddable":true,"href":"https:\/\/www.clairebouilhac.com\/index.php?rest_route=\/wp\/v2\/users\/408"}],"replies":[{"embeddable":true,"href":"https:\/\/www.clairebouilhac.com\/index.php?rest_route=%2Fwp%2Fv2%2Fcomments&post=4943"}],"version-history":[{"count":5,"href":"https:\/\/www.clairebouilhac.com\/index.php?rest_route=\/wp\/v2\/posts\/4943\/revisions"}],"predecessor-version":[{"id":4950,"href":"https:\/\/www.clairebouilhac.com\/index.php?rest_route=\/wp\/v2\/posts\/4943\/revisions\/4950"}],"wp:attachment":[{"href":"https:\/\/www.clairebouilhac.com\/index.php?rest_route=%2Fwp%2Fv2%2Fmedia&parent=4943"}],"wp:term":[{"taxonomy":"category","embeddable":true,"href":"https:\/\/www.clairebouilhac.com\/index.php?rest_route=%2Fwp%2Fv2%2Fcategories&post=4943"},{"taxonomy":"post_tag","embeddable":true,"href":"https:\/\/www.clairebouilhac.com\/index.php?rest_route=%2Fwp%2Fv2%2Ftags&post=4943"}],"curies":[{"name":"wp","href":"https:\/\/api.w.org\/{rel}","templated":true}]}}