{"id":4958,"date":"2016-01-24T11:18:06","date_gmt":"2016-01-24T10:18:06","guid":{"rendered":"http:\/\/www.clairebouilhac.com\/?p=4958"},"modified":"2016-01-25T22:55:34","modified_gmt":"2016-01-25T21:55:34","slug":"%e2%80%a2-francis-sauve-le-monde-%e2%80%a2","status":"publish","type":"post","link":"https:\/\/www.clairebouilhac.com\/?p=4958","title":{"rendered":"\u2022 Francis sauve le monde \u2022"},"content":{"rendered":"<p>Hier soir je suis all\u00e9e avec Jake Raynal au th\u00e9\u00e2tre de Namur voir la derni\u00e8re repr\u00e9sentation de FRANCIS SAUVE LE MONDE.<br \/>\n<strong>Jean-michel Fr\u00e8re<\/strong> a adapt\u00e9 notre s\u00e9rie <strong>Francis<\/strong> au th\u00e9\u00e2tre avec <a href=\"http:\/\/www.victorb.be\/spectacles\/francis-sauve-le-monde-78.html\" target=\"blank\">La Compagnie Victor B<\/a>. Cr\u00e9ation du 12 au 23 janvier 2016 au <a href=\"https:\/\/www.theatredenamur.be\/francis-sauve-le-monde\/\" target=\"blank\">th\u00e9\u00e2tre de Namur <\/a>(Belgique).<\/p>\n<p>Une pi\u00e8ce remarquable par la grande fid\u00e9lit\u00e9 \u00e0 l&rsquo;esprit de notre Blaireau, mais surtout par l&rsquo;inventivit\u00e9 de l&rsquo;adaptation \u00e0 la sc\u00e8ne, le rythme, les trouvailles sc\u00e9niques et l&rsquo;interpr\u00e9tation<br \/>\nde trois excellents com\u00e9diens : <strong>Pauline Desmarets, Simon Wauters et S\u00e9bastien Derock<\/strong>.<br \/>\nMerci et bravo.<\/p>\n<p>Pour en savoir plus retrouvez tous les d\u00e9tails <a href=\"http:\/\/www.francisblaireau.com\/francis-sauve-le-monde-au-theatre\/\" target=\"_blank\">sur le site de <strong>FRANCIS LE BLAIREAU FARCEUR<\/strong>.<\/a><\/p>\n<p><a href=\"https:\/\/www.clairebouilhac.com\/wp-content\/uploads\/2016\/01\/bd-francis-theatre3.jpg\"><img loading=\"lazy\" class=\"alignnone size-full wp-image-4959\" src=\"https:\/\/www.clairebouilhac.com\/wp-content\/uploads\/2016\/01\/bd-francis-theatre3.jpg\" alt=\"bd francis theatre3\" width=\"500\" height=\"283\" srcset=\"https:\/\/www.clairebouilhac.com\/wp-content\/uploads\/2016\/01\/bd-francis-theatre3.jpg 500w, https:\/\/www.clairebouilhac.com\/wp-content\/uploads\/2016\/01\/bd-francis-theatre3-300x170.jpg 300w\" sizes=\"(max-width: 500px) 100vw, 500px\" \/><\/a><\/p>\n<p>photo : Marianne Grimont<\/p>\n<p>&nbsp;<\/p>\n","protected":false},"excerpt":{"rendered":"<p>Hier soir je suis all\u00e9e avec Jake Raynal au th\u00e9\u00e2tre de Namur voir la derni\u00e8re repr\u00e9sentation de FRANCIS SAUVE LE MONDE. Jean-michel Fr\u00e8re a adapt\u00e9 notre s\u00e9rie Francis au th\u00e9\u00e2tre avec La Compagnie Victor B. Cr\u00e9ation du 12 au 23 janvier 2016 au th\u00e9\u00e2tre de Namur (Belgique). Une pi\u00e8ce remarquable par la grande fid\u00e9lit\u00e9 \u00e0 [&hellip;]<\/p>\n","protected":false},"author":408,"featured_media":0,"comment_status":"open","ping_status":"open","sticky":false,"template":"","format":"standard","meta":[],"categories":[37],"tags":[],"aioseo_notices":[],"_links":{"self":[{"href":"https:\/\/www.clairebouilhac.com\/index.php?rest_route=\/wp\/v2\/posts\/4958"}],"collection":[{"href":"https:\/\/www.clairebouilhac.com\/index.php?rest_route=\/wp\/v2\/posts"}],"about":[{"href":"https:\/\/www.clairebouilhac.com\/index.php?rest_route=\/wp\/v2\/types\/post"}],"author":[{"embeddable":true,"href":"https:\/\/www.clairebouilhac.com\/index.php?rest_route=\/wp\/v2\/users\/408"}],"replies":[{"embeddable":true,"href":"https:\/\/www.clairebouilhac.com\/index.php?rest_route=%2Fwp%2Fv2%2Fcomments&post=4958"}],"version-history":[{"count":9,"href":"https:\/\/www.clairebouilhac.com\/index.php?rest_route=\/wp\/v2\/posts\/4958\/revisions"}],"predecessor-version":[{"id":4968,"href":"https:\/\/www.clairebouilhac.com\/index.php?rest_route=\/wp\/v2\/posts\/4958\/revisions\/4968"}],"wp:attachment":[{"href":"https:\/\/www.clairebouilhac.com\/index.php?rest_route=%2Fwp%2Fv2%2Fmedia&parent=4958"}],"wp:term":[{"taxonomy":"category","embeddable":true,"href":"https:\/\/www.clairebouilhac.com\/index.php?rest_route=%2Fwp%2Fv2%2Fcategories&post=4958"},{"taxonomy":"post_tag","embeddable":true,"href":"https:\/\/www.clairebouilhac.com\/index.php?rest_route=%2Fwp%2Fv2%2Ftags&post=4958"}],"curies":[{"name":"wp","href":"https:\/\/api.w.org\/{rel}","templated":true}]}}