{"id":5031,"date":"2016-03-13T14:24:02","date_gmt":"2016-03-13T13:24:02","guid":{"rendered":"http:\/\/www.clairebouilhac.com\/?p=5031"},"modified":"2016-03-17T09:08:56","modified_gmt":"2016-03-17T08:08:56","slug":"%e2%80%a2-salon-du-livre-de-paris-%e2%80%a2-2","status":"publish","type":"post","link":"https:\/\/www.clairebouilhac.com\/?p=5031","title":{"rendered":"\u2022 Salon du livre de Paris \u2022"},"content":{"rendered":"<p>D\u00e9dicace vendredi 18 mars avec <strong>Myl\u00e8ne Demongeot<\/strong>, de 18h \u00e0 20h stand DUPUIS au <a href=\"http:\/\/www.livreparis.com\/Home-intro\/\" target=\"_blank\">salon du livre de Paris<\/a>, porte de Versailles.<\/p>\n<p><a href=\"https:\/\/www.clairebouilhac.com\/wp-content\/uploads\/2016\/03\/bd-d\u00e9di-mars-16.jpg\"><img loading=\"lazy\" src=\"https:\/\/www.clairebouilhac.com\/wp-content\/uploads\/2016\/03\/bd-d\u00e9di-mars-16-512x1024.jpg\" alt=\"bd d\u00e9di mars 16\" width=\"500\" height=\"1000\" class=\"alignnone size-large wp-image-5065\" srcset=\"https:\/\/www.clairebouilhac.com\/wp-content\/uploads\/2016\/03\/bd-d\u00e9di-mars-16-512x1024.jpg 512w, https:\/\/www.clairebouilhac.com\/wp-content\/uploads\/2016\/03\/bd-d\u00e9di-mars-16-150x300.jpg 150w, https:\/\/www.clairebouilhac.com\/wp-content\/uploads\/2016\/03\/bd-d\u00e9di-mars-16.jpg 620w\" sizes=\"(max-width: 500px) 100vw, 500px\" \/><\/a><\/p>\n","protected":false},"excerpt":{"rendered":"<p>D\u00e9dicace vendredi 18 mars avec Myl\u00e8ne Demongeot, de 18h \u00e0 20h stand DUPUIS au salon du livre de Paris, porte de Versailles.<\/p>\n","protected":false},"author":408,"featured_media":0,"comment_status":"open","ping_status":"open","sticky":false,"template":"","format":"standard","meta":[],"categories":[29,36,45,38],"tags":[],"aioseo_notices":[],"_links":{"self":[{"href":"https:\/\/www.clairebouilhac.com\/index.php?rest_route=\/wp\/v2\/posts\/5031"}],"collection":[{"href":"https:\/\/www.clairebouilhac.com\/index.php?rest_route=\/wp\/v2\/posts"}],"about":[{"href":"https:\/\/www.clairebouilhac.com\/index.php?rest_route=\/wp\/v2\/types\/post"}],"author":[{"embeddable":true,"href":"https:\/\/www.clairebouilhac.com\/index.php?rest_route=\/wp\/v2\/users\/408"}],"replies":[{"embeddable":true,"href":"https:\/\/www.clairebouilhac.com\/index.php?rest_route=%2Fwp%2Fv2%2Fcomments&post=5031"}],"version-history":[{"count":7,"href":"https:\/\/www.clairebouilhac.com\/index.php?rest_route=\/wp\/v2\/posts\/5031\/revisions"}],"predecessor-version":[{"id":5067,"href":"https:\/\/www.clairebouilhac.com\/index.php?rest_route=\/wp\/v2\/posts\/5031\/revisions\/5067"}],"wp:attachment":[{"href":"https:\/\/www.clairebouilhac.com\/index.php?rest_route=%2Fwp%2Fv2%2Fmedia&parent=5031"}],"wp:term":[{"taxonomy":"category","embeddable":true,"href":"https:\/\/www.clairebouilhac.com\/index.php?rest_route=%2Fwp%2Fv2%2Fcategories&post=5031"},{"taxonomy":"post_tag","embeddable":true,"href":"https:\/\/www.clairebouilhac.com\/index.php?rest_route=%2Fwp%2Fv2%2Ftags&post=5031"}],"curies":[{"name":"wp","href":"https:\/\/api.w.org\/{rel}","templated":true}]}}