{"id":5172,"date":"2016-06-02T22:42:06","date_gmt":"2016-06-02T20:42:06","guid":{"rendered":"http:\/\/www.clairebouilhac.com\/?p=5172"},"modified":"2016-07-10T10:53:17","modified_gmt":"2016-07-10T08:53:17","slug":"%e2%80%a2-retour-daubenas-%e2%80%a2-2","status":"publish","type":"post","link":"https:\/\/www.clairebouilhac.com\/?p=5172","title":{"rendered":"\u2022 Retour d&rsquo;Aubenas \u2022"},"content":{"rendered":"<p>Merci \u00e0 <strong>H\u00e9l\u00e8ne<\/strong>, ma Chauffeuse, technicienne, co-animatrice, complice, \u2026 durant toute cette semaine d&rsquo;interventions scolaires en pr\u00e9ambule du festival d&rsquo;Aubenas.<\/p>\n<p>Apr\u00e8s avoir incroyablement assur\u00e9 sur place, elle m&rsquo;envoie aujourd&rsquo;hui les photos qu&rsquo;elle a prises durant ces interventions (\u00a9 M\u00e9diath\u00e8que Jean Ferrat), et les articles qu&rsquo;elle a glan\u00e9s depuis.<\/p>\n<p>En voici un petit floril\u00e8ge.<\/p>\n<p><a href=\"https:\/\/www.clairebouilhac.com\/wp-content\/uploads\/2016\/06\/CM1-2_2-Immacul\u00e9e-jeudi-26.jpg\"><img loading=\"lazy\" class=\"alignnone size-large wp-image-5179\" src=\"https:\/\/www.clairebouilhac.com\/wp-content\/uploads\/2016\/06\/CM1-2_2-Immacul\u00e9e-jeudi-26-1024x768.jpg\" alt=\"CM1-2_2 Immacul\u00e9e jeudi 26\" width=\"500\" height=\"375\" srcset=\"https:\/\/www.clairebouilhac.com\/wp-content\/uploads\/2016\/06\/CM1-2_2-Immacul\u00e9e-jeudi-26.jpg 1024w, https:\/\/www.clairebouilhac.com\/wp-content\/uploads\/2016\/06\/CM1-2_2-Immacul\u00e9e-jeudi-26-300x225.jpg 300w\" sizes=\"(max-width: 500px) 100vw, 500px\" \/><\/a><\/p>\n<p><a href=\"https:\/\/www.clairebouilhac.com\/wp-content\/uploads\/2016\/06\/Coll\u00e8ge-St-Fran\u00e7ois-1.jpg\"><img loading=\"lazy\" class=\"alignnone size-large wp-image-5180\" src=\"https:\/\/www.clairebouilhac.com\/wp-content\/uploads\/2016\/06\/Coll\u00e8ge-St-Fran\u00e7ois-1-1024x768.jpg\" alt=\"Coll\u00e8ge St Fran\u00e7ois (1)\" width=\"500\" height=\"375\" srcset=\"https:\/\/www.clairebouilhac.com\/wp-content\/uploads\/2016\/06\/Coll\u00e8ge-St-Fran\u00e7ois-1.jpg 1024w, https:\/\/www.clairebouilhac.com\/wp-content\/uploads\/2016\/06\/Coll\u00e8ge-St-Fran\u00e7ois-1-300x225.jpg 300w\" sizes=\"(max-width: 500px) 100vw, 500px\" \/><\/a><\/p>\n<p><a href=\"https:\/\/www.clairebouilhac.com\/wp-content\/uploads\/2016\/06\/Ecole-Beausoleil-2-e1464898833558.jpg\"><img loading=\"lazy\" class=\"alignnone size-large wp-image-5184\" src=\"https:\/\/www.clairebouilhac.com\/wp-content\/uploads\/2016\/06\/Ecole-Beausoleil-2-e1464898833558-768x1024.jpg\" alt=\"Ecole Beausoleil (2)\" width=\"500\" height=\"666\" srcset=\"https:\/\/www.clairebouilhac.com\/wp-content\/uploads\/2016\/06\/Ecole-Beausoleil-2-e1464898833558.jpg 768w, https:\/\/www.clairebouilhac.com\/wp-content\/uploads\/2016\/06\/Ecole-Beausoleil-2-e1464898833558-225x300.jpg 225w\" sizes=\"(max-width: 500px) 100vw, 500px\" \/><\/a><\/p>\n<p>&nbsp;<br \/>\nCertaines classes avaient abord\u00e9 le sujet\u00a0en amont, souvent par la pratique, et la BD n&rsquo;avait d\u00e9j\u00e0 plus beaucoup de secrets pour eux.<\/p>\n<p><a href=\"https:\/\/www.clairebouilhac.com\/wp-content\/uploads\/2016\/06\/Ecole-Beausoleil-3.jpg\"><img loading=\"lazy\" class=\"alignnone size-large wp-image-5185\" src=\"https:\/\/www.clairebouilhac.com\/wp-content\/uploads\/2016\/06\/Ecole-Beausoleil-3-1024x768.jpg\" alt=\"Ecole Beausoleil (3)\" width=\"500\" height=\"375\" srcset=\"https:\/\/www.clairebouilhac.com\/wp-content\/uploads\/2016\/06\/Ecole-Beausoleil-3.jpg 1024w, https:\/\/www.clairebouilhac.com\/wp-content\/uploads\/2016\/06\/Ecole-Beausoleil-3-300x225.jpg 300w\" sizes=\"(max-width: 500px) 100vw, 500px\" \/><\/a><\/p>\n<p><a href=\"https:\/\/www.clairebouilhac.com\/wp-content\/uploads\/2016\/06\/Ecole-de-Baza-1.jpg\"><img loading=\"lazy\" class=\"alignnone size-large wp-image-5186\" src=\"https:\/\/www.clairebouilhac.com\/wp-content\/uploads\/2016\/06\/Ecole-de-Baza-1.jpg\" alt=\"Ecole de Baza (1)\" width=\"500\" height=\"666\" srcset=\"https:\/\/www.clairebouilhac.com\/wp-content\/uploads\/2016\/06\/Ecole-de-Baza-1.jpg 576w, https:\/\/www.clairebouilhac.com\/wp-content\/uploads\/2016\/06\/Ecole-de-Baza-1-225x300.jpg 225w\" sizes=\"(max-width: 500px) 100vw, 500px\" \/><\/a><\/p>\n<p>&nbsp;<br \/>\nLinotte et Pimpon, grandes vedettes du paper board en direct.<\/p>\n<p><a href=\"https:\/\/www.clairebouilhac.com\/wp-content\/uploads\/2016\/06\/Ecole-de-Baza-3.jpg\"><img loading=\"lazy\" class=\"alignnone size-large wp-image-5188\" src=\"https:\/\/www.clairebouilhac.com\/wp-content\/uploads\/2016\/06\/Ecole-de-Baza-3-1024x768.jpg\" alt=\"Ecole de Baza (3)\" width=\"500\" height=\"375\" srcset=\"https:\/\/www.clairebouilhac.com\/wp-content\/uploads\/2016\/06\/Ecole-de-Baza-3.jpg 1024w, https:\/\/www.clairebouilhac.com\/wp-content\/uploads\/2016\/06\/Ecole-de-Baza-3-300x225.jpg 300w\" sizes=\"(max-width: 500px) 100vw, 500px\" \/><\/a><\/p>\n<p><a href=\"https:\/\/www.clairebouilhac.com\/wp-content\/uploads\/2016\/06\/Ecole-de-Baza-7.jpg\"><img loading=\"lazy\" class=\"alignnone size-full wp-image-5192\" src=\"https:\/\/www.clairebouilhac.com\/wp-content\/uploads\/2016\/06\/Ecole-de-Baza-7.jpg\" alt=\"Ecole de Baza (7)\" width=\"500\" height=\"666\" srcset=\"https:\/\/www.clairebouilhac.com\/wp-content\/uploads\/2016\/06\/Ecole-de-Baza-7.jpg 576w, https:\/\/www.clairebouilhac.com\/wp-content\/uploads\/2016\/06\/Ecole-de-Baza-7-225x300.jpg 225w\" sizes=\"(max-width: 500px) 100vw, 500px\" \/><\/a><\/p>\n<p>&nbsp;<\/p>\n<p>Les onomatop\u00e9es, \u00e7a se dessine aussi.<\/p>\n<p><a href=\"https:\/\/www.clairebouilhac.com\/wp-content\/uploads\/2016\/06\/Ecole-des-Oliviers-3.jpg\"><img loading=\"lazy\" class=\"alignnone size-full wp-image-5196\" src=\"https:\/\/www.clairebouilhac.com\/wp-content\/uploads\/2016\/06\/Ecole-des-Oliviers-3.jpg\" alt=\"Ecole des Oliviers (3)\" width=\"500\" height=\"666\" srcset=\"https:\/\/www.clairebouilhac.com\/wp-content\/uploads\/2016\/06\/Ecole-des-Oliviers-3.jpg 576w, https:\/\/www.clairebouilhac.com\/wp-content\/uploads\/2016\/06\/Ecole-des-Oliviers-3-225x300.jpg 225w\" sizes=\"(max-width: 500px) 100vw, 500px\" \/><\/a><\/p>\n<p><a href=\"https:\/\/www.clairebouilhac.com\/wp-content\/uploads\/2016\/06\/Ecole-Immacul\u00e9e.jpg\"><img loading=\"lazy\" class=\"alignnone size-large wp-image-5198\" src=\"https:\/\/www.clairebouilhac.com\/wp-content\/uploads\/2016\/06\/Ecole-Immacul\u00e9e-1024x768.jpg\" alt=\"Ecole Immacul\u00e9e\" width=\"500\" height=\"375\" srcset=\"https:\/\/www.clairebouilhac.com\/wp-content\/uploads\/2016\/06\/Ecole-Immacul\u00e9e.jpg 1024w, https:\/\/www.clairebouilhac.com\/wp-content\/uploads\/2016\/06\/Ecole-Immacul\u00e9e-300x225.jpg 300w\" sizes=\"(max-width: 500px) 100vw, 500px\" \/><\/a><\/p>\n<p>&nbsp;<\/p>\n<p>Les enfants inventent l&rsquo;histoire au fur et \u00e0 mesure.<\/p>\n<p><a href=\"https:\/\/www.clairebouilhac.com\/wp-content\/uploads\/2016\/06\/Ecole-Vesseaux.jpg\"><img loading=\"lazy\" class=\"alignnone size-large wp-image-5199\" src=\"https:\/\/www.clairebouilhac.com\/wp-content\/uploads\/2016\/06\/Ecole-Vesseaux-1024x768.jpg\" alt=\"Ecole Vesseaux\" width=\"500\" height=\"375\" srcset=\"https:\/\/www.clairebouilhac.com\/wp-content\/uploads\/2016\/06\/Ecole-Vesseaux.jpg 1024w, https:\/\/www.clairebouilhac.com\/wp-content\/uploads\/2016\/06\/Ecole-Vesseaux-300x225.jpg 300w\" sizes=\"(max-width: 500px) 100vw, 500px\" \/><\/a><\/p>\n<p>&nbsp;<\/p>\n<p>Et ont plein de questions!<\/p>\n<p><a href=\"https:\/\/www.clairebouilhac.com\/wp-content\/uploads\/2016\/06\/Le-dauphin\u00e9-Lib\u00e9r\u00e9_jeudi26mai.jpg\"><img loading=\"lazy\" class=\"alignnone size-full wp-image-5200\" src=\"https:\/\/www.clairebouilhac.com\/wp-content\/uploads\/2016\/06\/Le-dauphin\u00e9-Lib\u00e9r\u00e9_jeudi26mai.jpg\" alt=\"Le dauphin\u00e9 Lib\u00e9r\u00e9_jeudi26mai\" width=\"500\" height=\"817\" srcset=\"https:\/\/www.clairebouilhac.com\/wp-content\/uploads\/2016\/06\/Le-dauphin\u00e9-Lib\u00e9r\u00e9_jeudi26mai.jpg 470w, https:\/\/www.clairebouilhac.com\/wp-content\/uploads\/2016\/06\/Le-dauphin\u00e9-Lib\u00e9r\u00e9_jeudi26mai-184x300.jpg 184w\" sizes=\"(max-width: 500px) 100vw, 500px\" \/><\/a><\/p>\n<p>Le Dauphin\u00e9 Lib\u00e9r\u00e9 jeudi 26 mai 2016.<\/p>\n<p>&nbsp;<\/p>\n<p>Merci aussi \u00e0 <strong>Marie-Laure<\/strong>, <strong>Didier<\/strong>, \u00e0 tous les enseignants et leurs \u00e9l\u00e8ves, du CP \u00e0 la 1\u00e8re en passant par tous les niveaux ou presque, qui m&rsquo;ont si bien accueillie.<\/p>\n","protected":false},"excerpt":{"rendered":"<p>Merci \u00e0 H\u00e9l\u00e8ne, ma Chauffeuse, technicienne, co-animatrice, complice, \u2026 durant toute cette semaine d&rsquo;interventions scolaires en pr\u00e9ambule du festival d&rsquo;Aubenas. Apr\u00e8s avoir incroyablement assur\u00e9 sur place, elle m&rsquo;envoie aujourd&rsquo;hui les photos qu&rsquo;elle a prises durant ces interventions (\u00a9 M\u00e9diath\u00e8que Jean Ferrat), et les articles qu&rsquo;elle a glan\u00e9s depuis. En voici un petit floril\u00e8ge. &nbsp; Certaines [&hellip;]<\/p>\n","protected":false},"author":408,"featured_media":0,"comment_status":"open","ping_status":"open","sticky":false,"template":"","format":"standard","meta":[],"categories":[29,36,45,38,40,37,42,43],"tags":[],"aioseo_notices":[],"_links":{"self":[{"href":"https:\/\/www.clairebouilhac.com\/index.php?rest_route=\/wp\/v2\/posts\/5172"}],"collection":[{"href":"https:\/\/www.clairebouilhac.com\/index.php?rest_route=\/wp\/v2\/posts"}],"about":[{"href":"https:\/\/www.clairebouilhac.com\/index.php?rest_route=\/wp\/v2\/types\/post"}],"author":[{"embeddable":true,"href":"https:\/\/www.clairebouilhac.com\/index.php?rest_route=\/wp\/v2\/users\/408"}],"replies":[{"embeddable":true,"href":"https:\/\/www.clairebouilhac.com\/index.php?rest_route=%2Fwp%2Fv2%2Fcomments&post=5172"}],"version-history":[{"count":4,"href":"https:\/\/www.clairebouilhac.com\/index.php?rest_route=\/wp\/v2\/posts\/5172\/revisions"}],"predecessor-version":[{"id":5251,"href":"https:\/\/www.clairebouilhac.com\/index.php?rest_route=\/wp\/v2\/posts\/5172\/revisions\/5251"}],"wp:attachment":[{"href":"https:\/\/www.clairebouilhac.com\/index.php?rest_route=%2Fwp%2Fv2%2Fmedia&parent=5172"}],"wp:term":[{"taxonomy":"category","embeddable":true,"href":"https:\/\/www.clairebouilhac.com\/index.php?rest_route=%2Fwp%2Fv2%2Fcategories&post=5172"},{"taxonomy":"post_tag","embeddable":true,"href":"https:\/\/www.clairebouilhac.com\/index.php?rest_route=%2Fwp%2Fv2%2Ftags&post=5172"}],"curies":[{"name":"wp","href":"https:\/\/api.w.org\/{rel}","templated":true}]}}