{"id":5433,"date":"2016-12-07T13:23:47","date_gmt":"2016-12-07T12:23:47","guid":{"rendered":"http:\/\/www.clairebouilhac.com\/?p=5433"},"modified":"2016-11-19T13:26:19","modified_gmt":"2016-11-19T12:26:19","slug":"%e2%80%a2-serie-ete-les-contes-5-%e2%80%a2","status":"publish","type":"post","link":"https:\/\/www.clairebouilhac.com\/?p=5433","title":{"rendered":"\u2022 S\u00e9rie \u00e9t\u00e9, les contes, 5 \u2022"},"content":{"rendered":"<p><a href=\"https:\/\/www.clairebouilhac.com\/wp-content\/uploads\/2016\/11\/304-LEVIF-27-ete5-PeauAne-Q-150-e1479558271449.jpg\"><img loading=\"lazy\" class=\"alignnone size-full wp-image-5434\" src=\"https:\/\/www.clairebouilhac.com\/wp-content\/uploads\/2016\/11\/304-LEVIF-27-ete5-PeauAne-Q-150-e1479558271449.jpg\" alt=\"304-levif-27-ete5-peauane-q-150\" width=\"500\" height=\"667\" \/><\/a><\/p>\n","protected":false},"excerpt":{"rendered":"","protected":false},"author":408,"featured_media":0,"comment_status":"open","ping_status":"open","sticky":false,"template":"","format":"standard","meta":[],"categories":[34],"tags":[],"aioseo_notices":[],"_links":{"self":[{"href":"https:\/\/www.clairebouilhac.com\/index.php?rest_route=\/wp\/v2\/posts\/5433"}],"collection":[{"href":"https:\/\/www.clairebouilhac.com\/index.php?rest_route=\/wp\/v2\/posts"}],"about":[{"href":"https:\/\/www.clairebouilhac.com\/index.php?rest_route=\/wp\/v2\/types\/post"}],"author":[{"embeddable":true,"href":"https:\/\/www.clairebouilhac.com\/index.php?rest_route=\/wp\/v2\/users\/408"}],"replies":[{"embeddable":true,"href":"https:\/\/www.clairebouilhac.com\/index.php?rest_route=%2Fwp%2Fv2%2Fcomments&post=5433"}],"version-history":[{"count":1,"href":"https:\/\/www.clairebouilhac.com\/index.php?rest_route=\/wp\/v2\/posts\/5433\/revisions"}],"predecessor-version":[{"id":5435,"href":"https:\/\/www.clairebouilhac.com\/index.php?rest_route=\/wp\/v2\/posts\/5433\/revisions\/5435"}],"wp:attachment":[{"href":"https:\/\/www.clairebouilhac.com\/index.php?rest_route=%2Fwp%2Fv2%2Fmedia&parent=5433"}],"wp:term":[{"taxonomy":"category","embeddable":true,"href":"https:\/\/www.clairebouilhac.com\/index.php?rest_route=%2Fwp%2Fv2%2Fcategories&post=5433"},{"taxonomy":"post_tag","embeddable":true,"href":"https:\/\/www.clairebouilhac.com\/index.php?rest_route=%2Fwp%2Fv2%2Ftags&post=5433"}],"curies":[{"name":"wp","href":"https:\/\/api.w.org\/{rel}","templated":true}]}}