{"id":5489,"date":"2017-03-06T10:54:00","date_gmt":"2017-03-06T09:54:00","guid":{"rendered":"http:\/\/www.clairebouilhac.com\/?p=5489"},"modified":"2017-03-10T22:45:10","modified_gmt":"2017-03-10T21:45:10","slug":"%e2%80%a2-blois-maison-de-la-bd-%e2%80%a2","status":"publish","type":"post","link":"https:\/\/www.clairebouilhac.com\/?p=5489","title":{"rendered":"\u2022 Blois Maison de la BD \u2022"},"content":{"rendered":"<p><strong><span class=\"Apple-style-span\">Jeudi 9 mars \u00e0 18H30<\/span><\/strong><\/p>\n<p><strong><span class=\"Apple-style-span\">Maison de la bd<br \/>\n<\/span><\/strong><span class=\"Apple-style-span\">3, rue des Jacobins <\/span><span class=\"Apple-style-span\"><br \/>\nBlois<br \/>\nentr\u00e9e gratuite<br \/>\nBD BOUM (02 54 42 49 22)<br \/>\n<\/span><\/p>\n<p><span class=\"Apple-style-span\">\u00ab\u00a0Rencontre avec<strong> Claire BOUILHAC<\/strong> &#8211; Dessinatrice et autrice BD\u00a0\u00bb<\/span><\/p>\n<p>J&rsquo;\u00e9voquerai mon travail avec <strong><a href=\"http:\/\/www.catel-m.com\" target=\"_blank\">Catel Muller<\/a><\/strong> sur \u00ab <a href=\"https:\/\/www.clairebouilhac.com\/?page_id=4669\" target=\"_blank\"><strong>Adieu Kharkov<\/strong><\/a> \u00bb, inspir\u00e9 des vies crois\u00e9es de <strong>Myl\u00e8ne Demongeot<\/strong> et de sa m\u00e8re\u00a0ukrainienne. La\u00a0\u00a0difficult\u00e9 de communication entre une m\u00e8re et sa fille, mais aussi les \u00e9tapes d&rsquo;un chemin de femmes en qu\u00eate de libert\u00e9, parcouru par deux g\u00e9n\u00e9rations diff\u00e9rentes, avec chacune ses armes, ses obstacles, son histoire, son \u00e9poque.<\/p>\n<p><a href=\"https:\/\/www.clairebouilhac.com\/wp-content\/uploads\/2011\/02\/AK-couv.jpg\"><img loading=\"lazy\" class=\"alignnone size-full wp-image-4379\" src=\"https:\/\/www.clairebouilhac.com\/wp-content\/uploads\/2011\/02\/AK-couv.jpg\" alt=\"AK couv\" width=\"500\" height=\"687\" srcset=\"https:\/\/www.clairebouilhac.com\/wp-content\/uploads\/2011\/02\/AK-couv.jpg 500w, https:\/\/www.clairebouilhac.com\/wp-content\/uploads\/2011\/02\/AK-couv-218x300.jpg 218w\" sizes=\"(max-width: 500px) 100vw, 500px\" \/><\/a><\/p>\n<p>&nbsp;<\/p>\n<p><span class=\"Apple-style-span\">J&rsquo;aborderai \u00e9galement mon nouveau projet, une adaptation de <strong><a href=\"https:\/\/www.clairebouilhac.com\/?page_id=4907\" target=\"_blank\">la Princesse de Cl\u00e8ves<\/a><\/strong>\u00a0avec <strong><a href=\"http:\/\/www.catel-m.com\" target=\"_blank\">Catel Muller<\/a><\/strong> au co-sc\u00e9nario, et qui para\u00eetra prochainement.<br \/>\n<\/span><\/p>\n<p>Venez nombreux-ses \u00e9changer avec moi!<\/p>\n<p><span class=\"Apple-style-span\"><a href=\"https:\/\/www.clairebouilhac.com\/wp-content\/uploads\/2015\/12\/BDprincesse-GP-coul-rech.jpg\"><img loading=\"lazy\" class=\"alignnone size-full wp-image-4922\" src=\"https:\/\/www.clairebouilhac.com\/wp-content\/uploads\/2015\/12\/BDprincesse-GP-coul-rech.jpg\" alt=\"BDprincesse GP coul rech\" width=\"500\" height=\"844\" srcset=\"https:\/\/www.clairebouilhac.com\/wp-content\/uploads\/2015\/12\/BDprincesse-GP-coul-rech.jpg 500w, https:\/\/www.clairebouilhac.com\/wp-content\/uploads\/2015\/12\/BDprincesse-GP-coul-rech-178x300.jpg 178w\" sizes=\"(max-width: 500px) 100vw, 500px\" \/><\/a><\/span><\/p>\n<p>&nbsp;<\/p>\n","protected":false},"excerpt":{"rendered":"<p>Jeudi 9 mars \u00e0 18H30 Maison de la bd 3, rue des Jacobins Blois entr\u00e9e gratuite BD BOUM (02 54 42 49 22) \u00ab\u00a0Rencontre avec Claire BOUILHAC &#8211; Dessinatrice et autrice BD\u00a0\u00bb J&rsquo;\u00e9voquerai mon travail avec Catel Muller sur \u00ab Adieu Kharkov \u00bb, inspir\u00e9 des vies crois\u00e9es de Myl\u00e8ne Demongeot et de sa m\u00e8re\u00a0ukrainienne. La\u00a0\u00a0difficult\u00e9 [&hellip;]<\/p>\n","protected":false},"author":408,"featured_media":0,"comment_status":"open","ping_status":"open","sticky":false,"template":"","format":"standard","meta":[],"categories":[29,36,45,38,40,37,42,43],"tags":[],"aioseo_notices":[],"_links":{"self":[{"href":"https:\/\/www.clairebouilhac.com\/index.php?rest_route=\/wp\/v2\/posts\/5489"}],"collection":[{"href":"https:\/\/www.clairebouilhac.com\/index.php?rest_route=\/wp\/v2\/posts"}],"about":[{"href":"https:\/\/www.clairebouilhac.com\/index.php?rest_route=\/wp\/v2\/types\/post"}],"author":[{"embeddable":true,"href":"https:\/\/www.clairebouilhac.com\/index.php?rest_route=\/wp\/v2\/users\/408"}],"replies":[{"embeddable":true,"href":"https:\/\/www.clairebouilhac.com\/index.php?rest_route=%2Fwp%2Fv2%2Fcomments&post=5489"}],"version-history":[{"count":5,"href":"https:\/\/www.clairebouilhac.com\/index.php?rest_route=\/wp\/v2\/posts\/5489\/revisions"}],"predecessor-version":[{"id":5543,"href":"https:\/\/www.clairebouilhac.com\/index.php?rest_route=\/wp\/v2\/posts\/5489\/revisions\/5543"}],"wp:attachment":[{"href":"https:\/\/www.clairebouilhac.com\/index.php?rest_route=%2Fwp%2Fv2%2Fmedia&parent=5489"}],"wp:term":[{"taxonomy":"category","embeddable":true,"href":"https:\/\/www.clairebouilhac.com\/index.php?rest_route=%2Fwp%2Fv2%2Fcategories&post=5489"},{"taxonomy":"post_tag","embeddable":true,"href":"https:\/\/www.clairebouilhac.com\/index.php?rest_route=%2Fwp%2Fv2%2Ftags&post=5489"}],"curies":[{"name":"wp","href":"https:\/\/api.w.org\/{rel}","templated":true}]}}