{"id":5596,"date":"2017-04-11T09:01:18","date_gmt":"2017-04-11T07:01:18","guid":{"rendered":"http:\/\/www.clairebouilhac.com\/?p=5596"},"modified":"2017-04-11T09:05:48","modified_gmt":"2017-04-11T07:05:48","slug":"%e2%80%a2-retour-de-villers-bd-%e2%80%a2","status":"publish","type":"post","link":"https:\/\/www.clairebouilhac.com\/?p=5596","title":{"rendered":"\u2022 Retour de Villers BD \u2022"},"content":{"rendered":"<p><a href=\"https:\/\/www.clairebouilhac.com\/wp-content\/uploads\/2017\/04\/17457698_867344980097658_2658003874541300750_n-e1491893990510.jpg\"><img loading=\"lazy\" class=\"alignnone size-full wp-image-5597\" src=\"https:\/\/www.clairebouilhac.com\/wp-content\/uploads\/2017\/04\/17457698_867344980097658_2658003874541300750_n-e1491893990510.jpg\" alt=\"17457698_867344980097658_2658003874541300750_n\" width=\"500\" height=\"281\" \/><\/a><\/p>\n<p>Apr\u00e8s mon intervention au lyc\u00e9e pour parler de l&rsquo;adaptation de <a href=\"https:\/\/www.clairebouilhac.com\/?page_id=4907\" target=\"_blank\">la princesse de Cl\u00e8ves<\/a> \u00e0 des \u00e9l\u00e8ves de premi\u00e8re, une conf\u00e9rence pour lancer le festival.<\/p>\n<p>Avec Nikita Mandryka , Serge Ernst et Za\u00fc, anim\u00e9e par Anne, b\u00e9n\u00e9vole de l&rsquo;association VillersBD.<\/p>\n<p><a href=\"https:\/\/www.clairebouilhac.com\/wp-content\/uploads\/2017\/04\/claire-nikita-e1491894150102.jpg\"><img loading=\"lazy\" class=\"alignnone size-full wp-image-5599\" src=\"https:\/\/www.clairebouilhac.com\/wp-content\/uploads\/2017\/04\/claire-nikita-e1491894150102.jpg\" alt=\"claire &amp; nikita\" width=\"500\" height=\"901\" \/><\/a><\/p>\n","protected":false},"excerpt":{"rendered":"<p>Apr\u00e8s mon intervention au lyc\u00e9e pour parler de l&rsquo;adaptation de la princesse de Cl\u00e8ves \u00e0 des \u00e9l\u00e8ves de premi\u00e8re, une conf\u00e9rence pour lancer le festival. Avec Nikita Mandryka , Serge Ernst et Za\u00fc, anim\u00e9e par Anne, b\u00e9n\u00e9vole de l&rsquo;association VillersBD.<\/p>\n","protected":false},"author":408,"featured_media":0,"comment_status":"open","ping_status":"open","sticky":false,"template":"","format":"standard","meta":[],"categories":[29,36,45,38,37,46],"tags":[],"aioseo_notices":[],"_links":{"self":[{"href":"https:\/\/www.clairebouilhac.com\/index.php?rest_route=\/wp\/v2\/posts\/5596"}],"collection":[{"href":"https:\/\/www.clairebouilhac.com\/index.php?rest_route=\/wp\/v2\/posts"}],"about":[{"href":"https:\/\/www.clairebouilhac.com\/index.php?rest_route=\/wp\/v2\/types\/post"}],"author":[{"embeddable":true,"href":"https:\/\/www.clairebouilhac.com\/index.php?rest_route=\/wp\/v2\/users\/408"}],"replies":[{"embeddable":true,"href":"https:\/\/www.clairebouilhac.com\/index.php?rest_route=%2Fwp%2Fv2%2Fcomments&post=5596"}],"version-history":[{"count":3,"href":"https:\/\/www.clairebouilhac.com\/index.php?rest_route=\/wp\/v2\/posts\/5596\/revisions"}],"predecessor-version":[{"id":5601,"href":"https:\/\/www.clairebouilhac.com\/index.php?rest_route=\/wp\/v2\/posts\/5596\/revisions\/5601"}],"wp:attachment":[{"href":"https:\/\/www.clairebouilhac.com\/index.php?rest_route=%2Fwp%2Fv2%2Fmedia&parent=5596"}],"wp:term":[{"taxonomy":"category","embeddable":true,"href":"https:\/\/www.clairebouilhac.com\/index.php?rest_route=%2Fwp%2Fv2%2Fcategories&post=5596"},{"taxonomy":"post_tag","embeddable":true,"href":"https:\/\/www.clairebouilhac.com\/index.php?rest_route=%2Fwp%2Fv2%2Ftags&post=5596"}],"curies":[{"name":"wp","href":"https:\/\/api.w.org\/{rel}","templated":true}]}}