{"id":5702,"date":"2017-06-04T19:22:52","date_gmt":"2017-06-04T17:22:52","guid":{"rendered":"http:\/\/www.clairebouilhac.com\/?p=5702"},"modified":"2017-06-04T19:26:20","modified_gmt":"2017-06-04T17:26:20","slug":"%e2%80%a2-lyon-bd-%e2%80%a2","status":"publish","type":"post","link":"https:\/\/www.clairebouilhac.com\/?p=5702","title":{"rendered":"\u2022 Lyon BD \u2022"},"content":{"rendered":"<p><a href=\"https:\/\/www.clairebouilhac.com\/wp-content\/uploads\/2017\/06\/BD-Lyon.jpg\"><img loading=\"lazy\" class=\"alignnone size-full wp-image-5703\" src=\"https:\/\/www.clairebouilhac.com\/wp-content\/uploads\/2017\/06\/BD-Lyon.jpg\" alt=\"BD Lyon\" width=\"500\" height=\"132\" srcset=\"https:\/\/www.clairebouilhac.com\/wp-content\/uploads\/2017\/06\/BD-Lyon.jpg 500w, https:\/\/www.clairebouilhac.com\/wp-content\/uploads\/2017\/06\/BD-Lyon-300x79.jpg 300w\" sizes=\"(max-width: 500px) 100vw, 500px\" \/><\/a><\/p>\n<p>Festival<a href=\"http:\/\/www.lyonbd.com\/festival\/in\/auteurs\/24\/claire-bouilhac\/\" target=\"_blank\"> Lyon BD<\/a>\u00a0les 10 et 11 juin 2017.<\/p>\n<p>D\u00e9dicace durant le week-end \u00e0 l&rsquo;H\u00f4tel de ville.<\/p>\n<p>Mus\u00e9e des Beaux-arts le dimanche 11 juin de 10h30 \u00e0 13h (r\u00e9interpr\u00e9tation d&rsquo;une \u0153uvre en BD).<\/p>\n","protected":false},"excerpt":{"rendered":"<p>Festival Lyon BD\u00a0les 10 et 11 juin 2017. D\u00e9dicace durant le week-end \u00e0 l&rsquo;H\u00f4tel de ville. Mus\u00e9e des Beaux-arts le dimanche 11 juin de 10h30 \u00e0 13h (r\u00e9interpr\u00e9tation d&rsquo;une \u0153uvre en BD).<\/p>\n","protected":false},"author":408,"featured_media":0,"comment_status":"open","ping_status":"open","sticky":false,"template":"","format":"standard","meta":[],"categories":[29,36,38,40,37],"tags":[],"aioseo_notices":[],"_links":{"self":[{"href":"https:\/\/www.clairebouilhac.com\/index.php?rest_route=\/wp\/v2\/posts\/5702"}],"collection":[{"href":"https:\/\/www.clairebouilhac.com\/index.php?rest_route=\/wp\/v2\/posts"}],"about":[{"href":"https:\/\/www.clairebouilhac.com\/index.php?rest_route=\/wp\/v2\/types\/post"}],"author":[{"embeddable":true,"href":"https:\/\/www.clairebouilhac.com\/index.php?rest_route=\/wp\/v2\/users\/408"}],"replies":[{"embeddable":true,"href":"https:\/\/www.clairebouilhac.com\/index.php?rest_route=%2Fwp%2Fv2%2Fcomments&post=5702"}],"version-history":[{"count":1,"href":"https:\/\/www.clairebouilhac.com\/index.php?rest_route=\/wp\/v2\/posts\/5702\/revisions"}],"predecessor-version":[{"id":5704,"href":"https:\/\/www.clairebouilhac.com\/index.php?rest_route=\/wp\/v2\/posts\/5702\/revisions\/5704"}],"wp:attachment":[{"href":"https:\/\/www.clairebouilhac.com\/index.php?rest_route=%2Fwp%2Fv2%2Fmedia&parent=5702"}],"wp:term":[{"taxonomy":"category","embeddable":true,"href":"https:\/\/www.clairebouilhac.com\/index.php?rest_route=%2Fwp%2Fv2%2Fcategories&post=5702"},{"taxonomy":"post_tag","embeddable":true,"href":"https:\/\/www.clairebouilhac.com\/index.php?rest_route=%2Fwp%2Fv2%2Ftags&post=5702"}],"curies":[{"name":"wp","href":"https:\/\/api.w.org\/{rel}","templated":true}]}}