{"id":6292,"date":"2018-02-26T15:31:49","date_gmt":"2018-02-26T14:31:49","guid":{"rendered":"http:\/\/www.clairebouilhac.com\/?p=6292"},"modified":"2018-02-26T15:32:43","modified_gmt":"2018-02-26T14:32:43","slug":"%e2%80%a2-francis-version-rue-%e2%80%a2","status":"publish","type":"post","link":"https:\/\/www.clairebouilhac.com\/?p=6292","title":{"rendered":"\u2022 Francis version rue \u2022"},"content":{"rendered":"<p>Si vous n&rsquo;allez pas \u00e0 Francis, <a href=\"http:\/\/www.francisblaireau.com\" target=\"_blank\"><strong>Francis le blaireau<\/strong><\/a> viendra \u00e0 vous!<\/p>\n<p><strong><a href=\"http:\/\/www.victorb.be\/spectacles\/francis-sauve-le-monde-salle-rue-78.html\" target=\"_blank\">La Compagnie Victor B.<\/a><\/strong> lance le<strong>\u00a0 FRANCISTRUCK<\/strong>.<\/p>\n<p>Quelques photos des r\u00e9p\u00e9titions version rue, avec <strong>Pauline Desmarets<\/strong>, <strong>Simon Wauters<\/strong> ou <strong>Fran\u00e7ois Saussus<\/strong> et <strong>S\u00e9bastien Derock.<\/strong><\/p>\n<p>&nbsp;<\/p>\n<p><a href=\"https:\/\/www.clairebouilhac.com\/wp-content\/uploads\/2018\/02\/IMG_1933-e1519655467618.jpg\"><img loading=\"lazy\" class=\"alignnone size-full wp-image-6293\" src=\"https:\/\/www.clairebouilhac.com\/wp-content\/uploads\/2018\/02\/IMG_1933-e1519655467618.jpg\" alt=\"IMG_1933\" width=\"500\" height=\"375\" \/><\/a> <a href=\"https:\/\/www.clairebouilhac.com\/wp-content\/uploads\/2018\/02\/IMG_1934-e1519655481131.jpg\"><img loading=\"lazy\" class=\"alignnone size-full wp-image-6294\" src=\"https:\/\/www.clairebouilhac.com\/wp-content\/uploads\/2018\/02\/IMG_1934-e1519655481131.jpg\" alt=\"IMG_1934\" width=\"500\" height=\"375\" \/><\/a> <a href=\"https:\/\/www.clairebouilhac.com\/wp-content\/uploads\/2018\/02\/IMG_1935-e1519655491791.jpg\"><img loading=\"lazy\" class=\"alignnone size-full wp-image-6295\" src=\"https:\/\/www.clairebouilhac.com\/wp-content\/uploads\/2018\/02\/IMG_1935-e1519655491791.jpg\" alt=\"IMG_1935\" width=\"500\" height=\"375\" \/><\/a><\/p>\n<p>photos \u00a9 Sara Vertongen<\/p>\n","protected":false},"excerpt":{"rendered":"<p>Si vous n&rsquo;allez pas \u00e0 Francis, Francis le blaireau viendra \u00e0 vous! La Compagnie Victor B. lance le\u00a0 FRANCISTRUCK. Quelques photos des r\u00e9p\u00e9titions version rue, avec Pauline Desmarets, Simon Wauters ou Fran\u00e7ois Saussus et S\u00e9bastien Derock. &nbsp; photos \u00a9 Sara Vertongen<\/p>\n","protected":false},"author":408,"featured_media":0,"comment_status":"open","ping_status":"open","sticky":false,"template":"","format":"standard","meta":[],"categories":[40,37],"tags":[],"aioseo_notices":[],"_links":{"self":[{"href":"https:\/\/www.clairebouilhac.com\/index.php?rest_route=\/wp\/v2\/posts\/6292"}],"collection":[{"href":"https:\/\/www.clairebouilhac.com\/index.php?rest_route=\/wp\/v2\/posts"}],"about":[{"href":"https:\/\/www.clairebouilhac.com\/index.php?rest_route=\/wp\/v2\/types\/post"}],"author":[{"embeddable":true,"href":"https:\/\/www.clairebouilhac.com\/index.php?rest_route=\/wp\/v2\/users\/408"}],"replies":[{"embeddable":true,"href":"https:\/\/www.clairebouilhac.com\/index.php?rest_route=%2Fwp%2Fv2%2Fcomments&post=6292"}],"version-history":[{"count":2,"href":"https:\/\/www.clairebouilhac.com\/index.php?rest_route=\/wp\/v2\/posts\/6292\/revisions"}],"predecessor-version":[{"id":6297,"href":"https:\/\/www.clairebouilhac.com\/index.php?rest_route=\/wp\/v2\/posts\/6292\/revisions\/6297"}],"wp:attachment":[{"href":"https:\/\/www.clairebouilhac.com\/index.php?rest_route=%2Fwp%2Fv2%2Fmedia&parent=6292"}],"wp:term":[{"taxonomy":"category","embeddable":true,"href":"https:\/\/www.clairebouilhac.com\/index.php?rest_route=%2Fwp%2Fv2%2Fcategories&post=6292"},{"taxonomy":"post_tag","embeddable":true,"href":"https:\/\/www.clairebouilhac.com\/index.php?rest_route=%2Fwp%2Fv2%2Ftags&post=6292"}],"curies":[{"name":"wp","href":"https:\/\/api.w.org\/{rel}","templated":true}]}}