{"id":6321,"date":"2018-03-20T22:01:41","date_gmt":"2018-03-20T21:01:41","guid":{"rendered":"http:\/\/www.clairebouilhac.com\/?p=6321"},"modified":"2018-03-24T22:14:11","modified_gmt":"2018-03-24T21:14:11","slug":"%e2%80%a2-retour-de-cherbourg-%e2%80%a2","status":"publish","type":"post","link":"https:\/\/www.clairebouilhac.com\/?p=6321","title":{"rendered":"\u2022 Retour de Cherbourg \u2022"},"content":{"rendered":"<p><a href=\"https:\/\/www.clairebouilhac.com\/wp-content\/uploads\/2018\/03\/IMG_2009-e1521924749567.jpg\"><img loading=\"lazy\" class=\"alignnone size-full wp-image-6322\" src=\"https:\/\/www.clairebouilhac.com\/wp-content\/uploads\/2018\/03\/IMG_2009-e1521924749567.jpg\" alt=\"IMG_2009\" width=\"500\" height=\"375\" \/><\/a><\/p>\n<p>De tr\u00e8s belles rencontres, de tr\u00e9s bons moments, des discussions enrichissantes, un accueil chaleureux\u2026 Et des hu\u00eftres de Saint-Vaast pour couronner le tout. Ce festival a \u00e9t\u00e9 un rayon de soleil dans cette fin d&rsquo;hiver glaciale.<\/p>\n<p><a href=\"https:\/\/www.clairebouilhac.com\/wp-content\/uploads\/2018\/03\/IMG_0020-e1521925268846.jpg\"><img loading=\"lazy\" class=\"alignnone size-full wp-image-6324\" src=\"https:\/\/www.clairebouilhac.com\/wp-content\/uploads\/2018\/03\/IMG_0020-e1521925268846.jpg\" alt=\"IMG_0020\" width=\"500\" height=\"667\" \/><\/a> <a href=\"https:\/\/www.clairebouilhac.com\/wp-content\/uploads\/2018\/03\/IMG_0021-e1521925243707.jpg\"><img loading=\"lazy\" class=\"alignnone size-full wp-image-6325\" src=\"https:\/\/www.clairebouilhac.com\/wp-content\/uploads\/2018\/03\/IMG_0021-e1521925243707.jpg\" alt=\"IMG_0021\" width=\"500\" height=\"667\" \/><\/a> <a href=\"https:\/\/www.clairebouilhac.com\/wp-content\/uploads\/2018\/03\/IMG_0001-e1521925222139.jpg\"><img loading=\"lazy\" class=\"alignnone size-full wp-image-6326\" src=\"https:\/\/www.clairebouilhac.com\/wp-content\/uploads\/2018\/03\/IMG_0001-e1521925222139.jpg\" alt=\"IMG_0001\" width=\"500\" height=\"375\" \/><\/a> <a href=\"https:\/\/www.clairebouilhac.com\/wp-content\/uploads\/2018\/03\/IMG_0011-e1521925211626.jpg\"><img loading=\"lazy\" class=\"alignnone size-full wp-image-6327\" src=\"https:\/\/www.clairebouilhac.com\/wp-content\/uploads\/2018\/03\/IMG_0011-e1521925211626.jpg\" alt=\"IMG_0011\" width=\"500\" height=\"667\" \/><\/a> <a href=\"https:\/\/www.clairebouilhac.com\/wp-content\/uploads\/2018\/03\/IMG_0003-e1521925160905.jpg\"><img loading=\"lazy\" class=\"alignnone size-full wp-image-6329\" src=\"https:\/\/www.clairebouilhac.com\/wp-content\/uploads\/2018\/03\/IMG_0003-e1521925160905.jpg\" alt=\"IMG_0003\" width=\"500\" height=\"667\" \/><\/a> <a href=\"https:\/\/www.clairebouilhac.com\/wp-content\/uploads\/2018\/03\/IMG_0004-e1521925134550.jpg\"><img loading=\"lazy\" class=\"alignnone size-full wp-image-6330\" src=\"https:\/\/www.clairebouilhac.com\/wp-content\/uploads\/2018\/03\/IMG_0004-e1521925134550.jpg\" alt=\"IMG_0004\" width=\"500\" height=\"667\" \/><\/a><\/p>\n<p>La cit\u00e9 de la mer, un endroit magique qu&rsquo;on ne semble pas pouvoir explorer tout entier.<\/p>\n<p>&nbsp;<\/p>\n<p>Merci \u00e0 tous! Et \u00e0 bient\u00f4t.<\/p>\n<p>&nbsp;<\/p>\n","protected":false},"excerpt":{"rendered":"<p>De tr\u00e8s belles rencontres, de tr\u00e9s bons moments, des discussions enrichissantes, un accueil chaleureux\u2026 Et des hu\u00eftres de Saint-Vaast pour couronner le tout. Ce festival a \u00e9t\u00e9 un rayon de soleil dans cette fin d&rsquo;hiver glaciale. La cit\u00e9 de la mer, un endroit magique qu&rsquo;on ne semble pas pouvoir explorer tout entier. &nbsp; Merci \u00e0 [&hellip;]<\/p>\n","protected":false},"author":408,"featured_media":0,"comment_status":"open","ping_status":"open","sticky":false,"template":"","format":"standard","meta":[],"categories":[29,36,45,38,40,37,43,47],"tags":[],"aioseo_notices":[],"_links":{"self":[{"href":"https:\/\/www.clairebouilhac.com\/index.php?rest_route=\/wp\/v2\/posts\/6321"}],"collection":[{"href":"https:\/\/www.clairebouilhac.com\/index.php?rest_route=\/wp\/v2\/posts"}],"about":[{"href":"https:\/\/www.clairebouilhac.com\/index.php?rest_route=\/wp\/v2\/types\/post"}],"author":[{"embeddable":true,"href":"https:\/\/www.clairebouilhac.com\/index.php?rest_route=\/wp\/v2\/users\/408"}],"replies":[{"embeddable":true,"href":"https:\/\/www.clairebouilhac.com\/index.php?rest_route=%2Fwp%2Fv2%2Fcomments&post=6321"}],"version-history":[{"count":1,"href":"https:\/\/www.clairebouilhac.com\/index.php?rest_route=\/wp\/v2\/posts\/6321\/revisions"}],"predecessor-version":[{"id":6331,"href":"https:\/\/www.clairebouilhac.com\/index.php?rest_route=\/wp\/v2\/posts\/6321\/revisions\/6331"}],"wp:attachment":[{"href":"https:\/\/www.clairebouilhac.com\/index.php?rest_route=%2Fwp%2Fv2%2Fmedia&parent=6321"}],"wp:term":[{"taxonomy":"category","embeddable":true,"href":"https:\/\/www.clairebouilhac.com\/index.php?rest_route=%2Fwp%2Fv2%2Fcategories&post=6321"},{"taxonomy":"post_tag","embeddable":true,"href":"https:\/\/www.clairebouilhac.com\/index.php?rest_route=%2Fwp%2Fv2%2Ftags&post=6321"}],"curies":[{"name":"wp","href":"https:\/\/api.w.org\/{rel}","templated":true}]}}