{"id":6552,"date":"2018-07-21T12:54:27","date_gmt":"2018-07-21T10:54:27","guid":{"rendered":"http:\/\/www.clairebouilhac.com\/?p=6552"},"modified":"2018-07-28T14:51:51","modified_gmt":"2018-07-28T12:51:51","slug":"%e2%80%a2-la-reconciliation-%e2%80%a2","status":"publish","type":"post","link":"https:\/\/www.clairebouilhac.com\/?p=6552","title":{"rendered":"\u2022 La r\u00e9conciliation \u2022"},"content":{"rendered":"<p>En pleine <a href=\"http:\/\/www.actuabd.com\/Fluide-fait-son-sale-gosse-et-attaque-Spirou\" target=\"_blank\">guerre FLUIDE GLACIAL \/ SPIROU<\/a>, conflit de loyaut\u00e9 pour tant d&rsquo;autrices et d&rsquo;auteurs, F\u00e9camp est LE lieu de la r\u00e9conciliation. Au hasard d&rsquo;une apr\u00e8s-midi pluvieuse et de nos coupe-vent corporate, avec <strong>Jos\u00e9-Louis Bocquet<\/strong>.<a href=\"https:\/\/www.clairebouilhac.com\/wp-content\/uploads\/2018\/07\/IMG_8059-e1532515794408.jpg\"><img loading=\"lazy\" class=\"alignnone size-full wp-image-6554\" src=\"https:\/\/www.clairebouilhac.com\/wp-content\/uploads\/2018\/07\/IMG_8059-e1532515794408.jpg\" alt=\"IMG_8059\" width=\"500\" height=\"375\" \/><\/a> <a href=\"https:\/\/www.clairebouilhac.com\/wp-content\/uploads\/2018\/07\/IMG_8060-e1532515809243.jpg\"><img loading=\"lazy\" class=\"alignnone size-full wp-image-6555\" src=\"https:\/\/www.clairebouilhac.com\/wp-content\/uploads\/2018\/07\/IMG_8060-e1532515809243.jpg\" alt=\"IMG_8060\" width=\"500\" height=\"375\" \/><\/a> <a href=\"https:\/\/www.clairebouilhac.com\/wp-content\/uploads\/2018\/07\/IMG_8061-e1532515823412.jpg\"><img loading=\"lazy\" class=\"alignnone size-full wp-image-6556\" src=\"https:\/\/www.clairebouilhac.com\/wp-content\/uploads\/2018\/07\/IMG_8061-e1532515823412.jpg\" alt=\"IMG_8061\" width=\"500\" height=\"375\" \/><\/a><\/p>\n","protected":false},"excerpt":{"rendered":"<p>En pleine guerre FLUIDE GLACIAL \/ SPIROU, conflit de loyaut\u00e9 pour tant d&rsquo;autrices et d&rsquo;auteurs, F\u00e9camp est LE lieu de la r\u00e9conciliation. Au hasard d&rsquo;une apr\u00e8s-midi pluvieuse et de nos coupe-vent corporate, avec Jos\u00e9-Louis Bocquet.<\/p>\n","protected":false},"author":408,"featured_media":0,"comment_status":"open","ping_status":"open","sticky":false,"template":"","format":"standard","meta":[],"categories":[45,40,37,43,48],"tags":[],"aioseo_notices":[],"_links":{"self":[{"href":"https:\/\/www.clairebouilhac.com\/index.php?rest_route=\/wp\/v2\/posts\/6552"}],"collection":[{"href":"https:\/\/www.clairebouilhac.com\/index.php?rest_route=\/wp\/v2\/posts"}],"about":[{"href":"https:\/\/www.clairebouilhac.com\/index.php?rest_route=\/wp\/v2\/types\/post"}],"author":[{"embeddable":true,"href":"https:\/\/www.clairebouilhac.com\/index.php?rest_route=\/wp\/v2\/users\/408"}],"replies":[{"embeddable":true,"href":"https:\/\/www.clairebouilhac.com\/index.php?rest_route=%2Fwp%2Fv2%2Fcomments&post=6552"}],"version-history":[{"count":5,"href":"https:\/\/www.clairebouilhac.com\/index.php?rest_route=\/wp\/v2\/posts\/6552\/revisions"}],"predecessor-version":[{"id":6570,"href":"https:\/\/www.clairebouilhac.com\/index.php?rest_route=\/wp\/v2\/posts\/6552\/revisions\/6570"}],"wp:attachment":[{"href":"https:\/\/www.clairebouilhac.com\/index.php?rest_route=%2Fwp%2Fv2%2Fmedia&parent=6552"}],"wp:term":[{"taxonomy":"category","embeddable":true,"href":"https:\/\/www.clairebouilhac.com\/index.php?rest_route=%2Fwp%2Fv2%2Fcategories&post=6552"},{"taxonomy":"post_tag","embeddable":true,"href":"https:\/\/www.clairebouilhac.com\/index.php?rest_route=%2Fwp%2Fv2%2Ftags&post=6552"}],"curies":[{"name":"wp","href":"https:\/\/api.w.org\/{rel}","templated":true}]}}