{"id":6605,"date":"2018-09-02T11:08:41","date_gmt":"2018-09-02T09:08:41","guid":{"rendered":"http:\/\/www.clairebouilhac.com\/?p=6605"},"modified":"2018-09-02T11:14:16","modified_gmt":"2018-09-02T09:14:16","slug":"%e2%80%a2-les-billets-sont-deja-en-vente-%e2%80%a2","status":"publish","type":"post","link":"https:\/\/www.clairebouilhac.com\/?p=6605","title":{"rendered":"\u2022 Les billets sont d\u00e9j\u00e0 en vente \u2022"},"content":{"rendered":"<p><a href=\"https:\/\/www.clairebouilhac.com\/wp-content\/uploads\/2018\/09\/101863-francis5_alice_piemmeaml-e1535878910399.jpg\"><img loading=\"lazy\" src=\"https:\/\/www.clairebouilhac.com\/wp-content\/uploads\/2018\/09\/101863-francis5_alice_piemmeaml-e1535878910399.jpg\" alt=\"101863-francis5_alice_piemmeaml\" width=\"500\" height=\"331\" class=\"alignnone size-full wp-image-6606\" \/><\/a><\/p>\n<p><a href=\"http:\/\/www.cwb.fr\/agenda\/francis-sauve-le-monde\" rel=\"noopener\" target=\"_blank\">FRANCIS SAUVE LE MONDE de la Compagnie Victor B.<\/a><\/p>\n<p>La Compagnie Victor B pr\u00e9sente un ovni th\u00e9\u00e2tral compl\u00e8tement d\u00e9cal\u00e9, inspir\u00e9 de la BD<br \/>\n\u00ab Francis \u00bb de Claire BOUILHAC et Jake RAYNAL. Un petit th\u00e9\u00e2tre de marionnettes et de peluches, plein de petites histoires qui en racontent une grande : celle de l\u2019homme et ses travers.<\/p>\n<p><strong>16 > 17 octobre 2018<br \/>\nCentre Wallonie &#8211; Bruxelles<br \/>\nDur\u00e9e : 65 minutes<br \/>\nSalle de spectacle<br \/>\n46 rue Quincampoix<br \/>\n75004 Paris<\/strong><\/p>\n<p><strong><a href=\"https:\/\/www.weezevent.com\/francis-sauve-le-monde\" rel=\"noopener\" target=\"_blank\">Achetez vos places<\/a><\/strong><\/p>\n","protected":false},"excerpt":{"rendered":"<p>FRANCIS SAUVE LE MONDE de la Compagnie Victor B. La Compagnie Victor B pr\u00e9sente un ovni th\u00e9\u00e2tral compl\u00e8tement d\u00e9cal\u00e9, inspir\u00e9 de la BD \u00ab Francis \u00bb de Claire BOUILHAC et Jake RAYNAL. Un petit th\u00e9\u00e2tre de marionnettes et de peluches, plein de petites histoires qui en racontent une grande : celle de l\u2019homme et ses [&hellip;]<\/p>\n","protected":false},"author":408,"featured_media":0,"comment_status":"open","ping_status":"open","sticky":false,"template":"","format":"standard","meta":[],"categories":[29,38,40,37,43],"tags":[],"aioseo_notices":[],"_links":{"self":[{"href":"https:\/\/www.clairebouilhac.com\/index.php?rest_route=\/wp\/v2\/posts\/6605"}],"collection":[{"href":"https:\/\/www.clairebouilhac.com\/index.php?rest_route=\/wp\/v2\/posts"}],"about":[{"href":"https:\/\/www.clairebouilhac.com\/index.php?rest_route=\/wp\/v2\/types\/post"}],"author":[{"embeddable":true,"href":"https:\/\/www.clairebouilhac.com\/index.php?rest_route=\/wp\/v2\/users\/408"}],"replies":[{"embeddable":true,"href":"https:\/\/www.clairebouilhac.com\/index.php?rest_route=%2Fwp%2Fv2%2Fcomments&post=6605"}],"version-history":[{"count":4,"href":"https:\/\/www.clairebouilhac.com\/index.php?rest_route=\/wp\/v2\/posts\/6605\/revisions"}],"predecessor-version":[{"id":6610,"href":"https:\/\/www.clairebouilhac.com\/index.php?rest_route=\/wp\/v2\/posts\/6605\/revisions\/6610"}],"wp:attachment":[{"href":"https:\/\/www.clairebouilhac.com\/index.php?rest_route=%2Fwp%2Fv2%2Fmedia&parent=6605"}],"wp:term":[{"taxonomy":"category","embeddable":true,"href":"https:\/\/www.clairebouilhac.com\/index.php?rest_route=%2Fwp%2Fv2%2Fcategories&post=6605"},{"taxonomy":"post_tag","embeddable":true,"href":"https:\/\/www.clairebouilhac.com\/index.php?rest_route=%2Fwp%2Fv2%2Ftags&post=6605"}],"curies":[{"name":"wp","href":"https:\/\/api.w.org\/{rel}","templated":true}]}}