{"id":6778,"date":"2019-01-11T13:25:13","date_gmt":"2019-01-11T12:25:13","guid":{"rendered":"http:\/\/www.clairebouilhac.com\/?p=6778"},"modified":"2019-01-17T13:30:43","modified_gmt":"2019-01-17T12:30:43","slug":"%e2%80%a2-psiko-%e2%80%a2","status":"publish","type":"post","link":"https:\/\/www.clairebouilhac.com\/?p=6778","title":{"rendered":"\u2022 Psiko \u2022"},"content":{"rendered":"<p>Incontournable magazine BD depuis des d\u00e9cennies, le psikopat manquera beaucoup.<br \/>\nMais reste tout ce qu&rsquo;il nous a apport\u00e9.<br \/>\n<a href=\"https:\/\/www.clairebouilhac.com\/wp-content\/uploads\/2019\/01\/BD-314-e1547728118768.jpg\"><img loading=\"lazy\" class=\"alignnone size-full wp-image-6779\" src=\"https:\/\/www.clairebouilhac.com\/wp-content\/uploads\/2019\/01\/BD-314-e1547728118768.jpg\" alt=\"BD 314\" width=\"500\" height=\"679\" \/><\/a><\/p>\n<p>Je participe pour 1 page \u00e0\u00a0l&rsquo;utime num\u00e9ro avec Pascal GROS.<\/p>\n<p>&nbsp;<\/p>\n<p><a href=\"https:\/\/www.clairebouilhac.com\/wp-content\/uploads\/2019\/01\/BD-dos-ClaireGros.jpg\"><img loading=\"lazy\" class=\"alignnone size-full wp-image-6780\" src=\"https:\/\/www.clairebouilhac.com\/wp-content\/uploads\/2019\/01\/BD-dos-ClaireGros.jpg\" alt=\"BD dos - Claire&amp;Gros\" width=\"500\" height=\"528\" srcset=\"https:\/\/www.clairebouilhac.com\/wp-content\/uploads\/2019\/01\/BD-dos-ClaireGros.jpg 500w, https:\/\/www.clairebouilhac.com\/wp-content\/uploads\/2019\/01\/BD-dos-ClaireGros-284x300.jpg 284w\" sizes=\"(max-width: 500px) 100vw, 500px\" \/><\/a><\/p>\n","protected":false},"excerpt":{"rendered":"<p>Incontournable magazine BD depuis des d\u00e9cennies, le psikopat manquera beaucoup. Mais reste tout ce qu&rsquo;il nous a apport\u00e9. Je participe pour 1 page \u00e0\u00a0l&rsquo;utime num\u00e9ro avec Pascal GROS. &nbsp;<\/p>\n","protected":false},"author":408,"featured_media":0,"comment_status":"open","ping_status":"open","sticky":false,"template":"","format":"standard","meta":[],"categories":[49],"tags":[],"aioseo_notices":[],"_links":{"self":[{"href":"https:\/\/www.clairebouilhac.com\/index.php?rest_route=\/wp\/v2\/posts\/6778"}],"collection":[{"href":"https:\/\/www.clairebouilhac.com\/index.php?rest_route=\/wp\/v2\/posts"}],"about":[{"href":"https:\/\/www.clairebouilhac.com\/index.php?rest_route=\/wp\/v2\/types\/post"}],"author":[{"embeddable":true,"href":"https:\/\/www.clairebouilhac.com\/index.php?rest_route=\/wp\/v2\/users\/408"}],"replies":[{"embeddable":true,"href":"https:\/\/www.clairebouilhac.com\/index.php?rest_route=%2Fwp%2Fv2%2Fcomments&post=6778"}],"version-history":[{"count":1,"href":"https:\/\/www.clairebouilhac.com\/index.php?rest_route=\/wp\/v2\/posts\/6778\/revisions"}],"predecessor-version":[{"id":6781,"href":"https:\/\/www.clairebouilhac.com\/index.php?rest_route=\/wp\/v2\/posts\/6778\/revisions\/6781"}],"wp:attachment":[{"href":"https:\/\/www.clairebouilhac.com\/index.php?rest_route=%2Fwp%2Fv2%2Fmedia&parent=6778"}],"wp:term":[{"taxonomy":"category","embeddable":true,"href":"https:\/\/www.clairebouilhac.com\/index.php?rest_route=%2Fwp%2Fv2%2Fcategories&post=6778"},{"taxonomy":"post_tag","embeddable":true,"href":"https:\/\/www.clairebouilhac.com\/index.php?rest_route=%2Fwp%2Fv2%2Ftags&post=6778"}],"curies":[{"name":"wp","href":"https:\/\/api.w.org\/{rel}","templated":true}]}}