{"id":6834,"date":"2019-03-31T22:34:25","date_gmt":"2019-03-31T20:34:25","guid":{"rendered":"http:\/\/www.clairebouilhac.com\/?p=6834"},"modified":"2019-04-03T22:45:49","modified_gmt":"2019-04-03T20:45:49","slug":"%e2%80%a2-salon-du-roman-historique-de-levallois-%e2%80%a2","status":"publish","type":"post","link":"https:\/\/www.clairebouilhac.com\/?p=6834","title":{"rendered":"\u2022 Salon du Roman Historique de Levallois \u2022"},"content":{"rendered":"<p><img title=\"Salon du Roman Historique 2019 \u00e0 Levallois-Perret\" src=\"http:\/\/www.dargaud.com\/var\/dargaud\/storage\/images\/le-mag\/agenda-evenement-bd\/salon-du-roman-historique-2019-a-levallois-perret\/924051-1-fre-FR\/Salon-du-Roman-Historique-2019-a-Levallois-Perret_500x176.jpg\" alt=\"Salon du Roman Historique 2019 \u00e0 Levallois-Perret\" \/><\/p>\n<p>Le 31 mars, je serai au <a href=\"http:\/\/www.dargaud.com\/Le-Mag\/agenda-evenement-bd\/Salon-du-Roman-Historique-2019-a-Levallois-Perret\" target=\"_blank\" rel=\"noopener\">Salon du Roman Historique 2019 \u00e0 Levallois-Perret<\/a>,<\/p>\n<p>&nbsp;<\/p>\n<p><img loading=\"lazy\" class=\"shrinkToFit\" src=\"https:\/\/salonromanhistorique-levallois.fr\/wp-content\/uploads\/2018\/12\/AFF-SRH19.jpg\" alt=\"https:\/\/salonromanhistorique-levallois.fr\/wp-content\/uploads\/2018\/12\/AFF-SRH19.jpg\" width=\"500\" height=\"750\" \/><br \/>\nH\u00f4tel de Ville<br \/>\nPlace de la R\u00e9publique,<br \/>\n92300 Levallois-Perret<\/p>\n","protected":false},"excerpt":{"rendered":"<p>Le 31 mars, je serai au Salon du Roman Historique 2019 \u00e0 Levallois-Perret, &nbsp; H\u00f4tel de Ville Place de la R\u00e9publique, 92300 Levallois-Perret<\/p>\n","protected":false},"author":408,"featured_media":0,"comment_status":"open","ping_status":"open","sticky":false,"template":"","format":"standard","meta":[],"categories":[29,45,38,46],"tags":[],"aioseo_notices":[],"_links":{"self":[{"href":"https:\/\/www.clairebouilhac.com\/index.php?rest_route=\/wp\/v2\/posts\/6834"}],"collection":[{"href":"https:\/\/www.clairebouilhac.com\/index.php?rest_route=\/wp\/v2\/posts"}],"about":[{"href":"https:\/\/www.clairebouilhac.com\/index.php?rest_route=\/wp\/v2\/types\/post"}],"author":[{"embeddable":true,"href":"https:\/\/www.clairebouilhac.com\/index.php?rest_route=\/wp\/v2\/users\/408"}],"replies":[{"embeddable":true,"href":"https:\/\/www.clairebouilhac.com\/index.php?rest_route=%2Fwp%2Fv2%2Fcomments&post=6834"}],"version-history":[{"count":4,"href":"https:\/\/www.clairebouilhac.com\/index.php?rest_route=\/wp\/v2\/posts\/6834\/revisions"}],"predecessor-version":[{"id":6853,"href":"https:\/\/www.clairebouilhac.com\/index.php?rest_route=\/wp\/v2\/posts\/6834\/revisions\/6853"}],"wp:attachment":[{"href":"https:\/\/www.clairebouilhac.com\/index.php?rest_route=%2Fwp%2Fv2%2Fmedia&parent=6834"}],"wp:term":[{"taxonomy":"category","embeddable":true,"href":"https:\/\/www.clairebouilhac.com\/index.php?rest_route=%2Fwp%2Fv2%2Fcategories&post=6834"},{"taxonomy":"post_tag","embeddable":true,"href":"https:\/\/www.clairebouilhac.com\/index.php?rest_route=%2Fwp%2Fv2%2Ftags&post=6834"}],"curies":[{"name":"wp","href":"https:\/\/api.w.org\/{rel}","templated":true}]}}