{"id":7628,"date":"2021-09-05T12:18:04","date_gmt":"2021-09-05T10:18:04","guid":{"rendered":"http:\/\/www.clairebouilhac.com\/?p=7628"},"modified":"2021-09-05T12:27:32","modified_gmt":"2021-09-05T10:27:32","slug":"%e2%80%a2-francis-existe-nous-lavons-rencontre-%e2%80%a2","status":"publish","type":"post","link":"https:\/\/www.clairebouilhac.com\/?p=7628","title":{"rendered":"\u2022 Francis existe, nous l&rsquo;avons rencontr\u00e9 samedi dernier \u2022"},"content":{"rendered":"\n<p>Le samedi 5 septembre, apr\u00e8s une rencontre avec Beno\u00cet du site <a href=\"https:\/\/lessentiart.fr\/category\/rencontres\/\">l&rsquo;EssentiArt<\/a> et un live Instagram, Jake Raynal et moi avons d\u00e9dicac\u00e9 les albums de Francis. Merci \u00e0 tou-te-s celles et ceux qui sont venus nous voir!<\/p>\n\n\n\n<figure class=\"wp-block-image\"><img loading=\"lazy\" width=\"768\" height=\"1024\" src=\"https:\/\/www.clairebouilhac.com\/wp-content\/uploads\/2021\/09\/IMG_0109-e1630836029430-768x1024.jpg\" alt=\"\" class=\"wp-image-7629\"\/><\/figure>\n\n\n\n<figure class=\"wp-block-image is-resized\"><img src=\"https:\/\/www.clairebouilhac.com\/wp-content\/uploads\/2021\/09\/PHOTO-2021-09-02-19-31-29-3-1024x768.jpg\" alt=\"\" class=\"wp-image-7630\" width=\"500\" srcset=\"https:\/\/www.clairebouilhac.com\/wp-content\/uploads\/2021\/09\/PHOTO-2021-09-02-19-31-29-3-1024x768.jpg 1024w, https:\/\/www.clairebouilhac.com\/wp-content\/uploads\/2021\/09\/PHOTO-2021-09-02-19-31-29-3-300x225.jpg 300w, https:\/\/www.clairebouilhac.com\/wp-content\/uploads\/2021\/09\/PHOTO-2021-09-02-19-31-29-3-768x576.jpg 768w, https:\/\/www.clairebouilhac.com\/wp-content\/uploads\/2021\/09\/PHOTO-2021-09-02-19-31-29-3.jpg 2048w\" sizes=\"(max-width: 1024px) 100vw, 1024px\" \/><\/figure>\n\n\n\n<figure class=\"wp-block-image is-resized\"><img src=\"https:\/\/www.clairebouilhac.com\/wp-content\/uploads\/2021\/09\/IMG_6565-1024x768.jpeg\" alt=\"\" class=\"wp-image-7631\" width=\"500\" srcset=\"https:\/\/www.clairebouilhac.com\/wp-content\/uploads\/2021\/09\/IMG_6565-1024x768.jpeg 1024w, https:\/\/www.clairebouilhac.com\/wp-content\/uploads\/2021\/09\/IMG_6565-300x225.jpeg 300w, https:\/\/www.clairebouilhac.com\/wp-content\/uploads\/2021\/09\/IMG_6565-768x576.jpeg 768w\" sizes=\"(max-width: 1024px) 100vw, 1024px\" \/><\/figure>\n\n\n\n<figure class=\"wp-block-image is-resized\"><img src=\"https:\/\/www.clairebouilhac.com\/wp-content\/uploads\/2021\/09\/IMG_6571-e1630836942295-502x1024.jpeg\" alt=\"\" class=\"wp-image-7632\" width=\"500\" srcset=\"https:\/\/www.clairebouilhac.com\/wp-content\/uploads\/2021\/09\/IMG_6571-e1630836942295-502x1024.jpeg 502w, https:\/\/www.clairebouilhac.com\/wp-content\/uploads\/2021\/09\/IMG_6571-e1630836942295-147x300.jpeg 147w, https:\/\/www.clairebouilhac.com\/wp-content\/uploads\/2021\/09\/IMG_6571-e1630836942295-768x1568.jpeg 768w, https:\/\/www.clairebouilhac.com\/wp-content\/uploads\/2021\/09\/IMG_6571-e1630836942295.jpeg 1975w\" sizes=\"(max-width: 502px) 100vw, 502px\" \/><\/figure>\n\n\n\n<p>Tout ce qui est expos\u00e9 est \u00e0 vendre, \u00e0 l&rsquo;exception des objets expos\u00e9s dans la vitrine, qui retracent l&rsquo;histoire de Francis. <\/p>\n\n\n\n<p>Le catalogue est disponible ici : <a href=\"https:\/\/hubertybreyne.com\/fr\/store\/exhibition\/449\/huberty-breyne-store\">Huberty&amp;Breyne<\/a><\/p>\n\n\n\n<p><\/p>\n","protected":false},"excerpt":{"rendered":"<p>Le samedi 5 septembre, apr\u00e8s une rencontre avec Beno\u00cet du site l&rsquo;EssentiArt et un live Instagram, Jake Raynal et moi avons d\u00e9dicac\u00e9 les albums de Francis. Merci \u00e0 tou-te-s celles et ceux qui sont venus nous voir! Tout ce qui est expos\u00e9 est \u00e0 vendre, \u00e0 l&rsquo;exception des objets expos\u00e9s dans la vitrine, qui retracent [&hellip;]<\/p>\n","protected":false},"author":408,"featured_media":0,"comment_status":"open","ping_status":"open","sticky":false,"template":"","format":"standard","meta":[],"categories":[1],"tags":[],"aioseo_notices":[],"_links":{"self":[{"href":"https:\/\/www.clairebouilhac.com\/index.php?rest_route=\/wp\/v2\/posts\/7628"}],"collection":[{"href":"https:\/\/www.clairebouilhac.com\/index.php?rest_route=\/wp\/v2\/posts"}],"about":[{"href":"https:\/\/www.clairebouilhac.com\/index.php?rest_route=\/wp\/v2\/types\/post"}],"author":[{"embeddable":true,"href":"https:\/\/www.clairebouilhac.com\/index.php?rest_route=\/wp\/v2\/users\/408"}],"replies":[{"embeddable":true,"href":"https:\/\/www.clairebouilhac.com\/index.php?rest_route=%2Fwp%2Fv2%2Fcomments&post=7628"}],"version-history":[{"count":5,"href":"https:\/\/www.clairebouilhac.com\/index.php?rest_route=\/wp\/v2\/posts\/7628\/revisions"}],"predecessor-version":[{"id":7644,"href":"https:\/\/www.clairebouilhac.com\/index.php?rest_route=\/wp\/v2\/posts\/7628\/revisions\/7644"}],"wp:attachment":[{"href":"https:\/\/www.clairebouilhac.com\/index.php?rest_route=%2Fwp%2Fv2%2Fmedia&parent=7628"}],"wp:term":[{"taxonomy":"category","embeddable":true,"href":"https:\/\/www.clairebouilhac.com\/index.php?rest_route=%2Fwp%2Fv2%2Fcategories&post=7628"},{"taxonomy":"post_tag","embeddable":true,"href":"https:\/\/www.clairebouilhac.com\/index.php?rest_route=%2Fwp%2Fv2%2Ftags&post=7628"}],"curies":[{"name":"wp","href":"https:\/\/api.w.org\/{rel}","templated":true}]}}