{"id":7700,"date":"2021-10-10T10:41:40","date_gmt":"2021-10-10T08:41:40","guid":{"rendered":"http:\/\/www.clairebouilhac.com\/?p=7700"},"modified":"2021-12-03T11:04:41","modified_gmt":"2021-12-03T10:04:41","slug":"%e2%80%a2-bederamdam%e2%80%a2","status":"publish","type":"post","link":"https:\/\/www.clairebouilhac.com\/?p=7700","title":{"rendered":"\u2022 B\u00e9d\u00e9ramdam\u2022"},"content":{"rendered":"\n<p>Le 15 octobre, 19H, au <a href=\"https:\/\/www.forumdesimages.fr\/les-programmes\/toutes-les-rencontres\/bederamdam\">forum des Images<\/a>, la s\u00e9ance \u00ab B\u00e9d\u00e9ramdam \u00bb revient pour une\u00a0deuxi\u00e8me \u00e9dition haute en\u00a0couleurs, qui\u00a0verra s\u2019affronter \u00e0 coups de\u00a0crayons bien\u00a0aff\u00fbt\u00e9s six\u00a0auteurs et autrices dans une\u00a0lutte sans merci. D\u2019un c\u00f4t\u00e9, Joseph Falzon, \u00c9milie\u00a0Gleason et Chlo\u00e9\u00a0Wary repr\u00e9sentent la\u00a0revue\u00a0<a href=\"https:\/\/toporevue.fr\/\">Topo<\/a>; de l\u2019autre, Claire\u00a0Bouilhac, James et\u00a0L\u2019Abb\u00e9 sont r\u00e9unis sous la banni\u00e8re de\u00a0<a href=\"https:\/\/www.fluideglacial.com\/\">Fluide Glacial<\/a>.  Le tout pr\u00e9sent\u00e9 de main de ma\u00eftre pas Olivier Texier. <\/p>\n\n\n\n<p>Dur\u00e9e : 1h30<\/p>\n\n\n\n<p>S\u00e9ance suivie de&nbsp;d\u00e9dicaces<\/p>\n\n\n\n<figure class=\"wp-block-image is-resized\"><img loading=\"lazy\" src=\"https:\/\/www.clairebouilhac.com\/wp-content\/uploads\/2021\/12\/Capture-d\u2019\u00e9cran-2021-12-03-\u00e0-10.56.12-1024x600.png\" alt=\"\" class=\"wp-image-7701\" width=\"500\" height=\"300\"\/><\/figure>\n\n\n\n<figure class=\"wp-block-image\"><img loading=\"lazy\" width=\"471\" height=\"750\" src=\"https:\/\/www.clairebouilhac.com\/wp-content\/uploads\/2021\/12\/IMG_4042.jpg\" alt=\"\" class=\"wp-image-7702\" srcset=\"https:\/\/www.clairebouilhac.com\/wp-content\/uploads\/2021\/12\/IMG_4042.jpg 471w, https:\/\/www.clairebouilhac.com\/wp-content\/uploads\/2021\/12\/IMG_4042-188x300.jpg 188w\" sizes=\"(max-width: 471px) 100vw, 471px\" \/><\/figure>\n","protected":false},"excerpt":{"rendered":"<p>Le 15 octobre, 19H, au forum des Images, la s\u00e9ance \u00ab B\u00e9d\u00e9ramdam \u00bb revient pour une\u00a0deuxi\u00e8me \u00e9dition haute en\u00a0couleurs, qui\u00a0verra s\u2019affronter \u00e0 coups de\u00a0crayons bien\u00a0aff\u00fbt\u00e9s six\u00a0auteurs et autrices dans une\u00a0lutte sans merci. D\u2019un c\u00f4t\u00e9, Joseph Falzon, \u00c9milie\u00a0Gleason et Chlo\u00e9\u00a0Wary repr\u00e9sentent la\u00a0revue\u00a0Topo; de l\u2019autre, Claire\u00a0Bouilhac, James et\u00a0L\u2019Abb\u00e9 sont r\u00e9unis sous la banni\u00e8re de\u00a0Fluide Glacial. Le tout [&hellip;]<\/p>\n","protected":false},"author":408,"featured_media":0,"comment_status":"open","ping_status":"open","sticky":false,"template":"","format":"standard","meta":[],"categories":[1],"tags":[],"aioseo_notices":[],"_links":{"self":[{"href":"https:\/\/www.clairebouilhac.com\/index.php?rest_route=\/wp\/v2\/posts\/7700"}],"collection":[{"href":"https:\/\/www.clairebouilhac.com\/index.php?rest_route=\/wp\/v2\/posts"}],"about":[{"href":"https:\/\/www.clairebouilhac.com\/index.php?rest_route=\/wp\/v2\/types\/post"}],"author":[{"embeddable":true,"href":"https:\/\/www.clairebouilhac.com\/index.php?rest_route=\/wp\/v2\/users\/408"}],"replies":[{"embeddable":true,"href":"https:\/\/www.clairebouilhac.com\/index.php?rest_route=%2Fwp%2Fv2%2Fcomments&post=7700"}],"version-history":[{"count":2,"href":"https:\/\/www.clairebouilhac.com\/index.php?rest_route=\/wp\/v2\/posts\/7700\/revisions"}],"predecessor-version":[{"id":7704,"href":"https:\/\/www.clairebouilhac.com\/index.php?rest_route=\/wp\/v2\/posts\/7700\/revisions\/7704"}],"wp:attachment":[{"href":"https:\/\/www.clairebouilhac.com\/index.php?rest_route=%2Fwp%2Fv2%2Fmedia&parent=7700"}],"wp:term":[{"taxonomy":"category","embeddable":true,"href":"https:\/\/www.clairebouilhac.com\/index.php?rest_route=%2Fwp%2Fv2%2Fcategories&post=7700"},{"taxonomy":"post_tag","embeddable":true,"href":"https:\/\/www.clairebouilhac.com\/index.php?rest_route=%2Fwp%2Fv2%2Ftags&post=7700"}],"curies":[{"name":"wp","href":"https:\/\/api.w.org\/{rel}","templated":true}]}}