{"id":895,"date":"2010-02-15T16:32:26","date_gmt":"2010-02-15T14:32:26","guid":{"rendered":"http:\/\/www.clairebouilhac.com\/2010\/02\/15\/%e2%80%a2-dedicace-francis-%e2%80%a2-2\/"},"modified":"2010-02-15T16:32:26","modified_gmt":"2010-02-15T14:32:26","slug":"%e2%80%a2-dedicace-francis-%e2%80%a2-2","status":"publish","type":"post","link":"https:\/\/www.clairebouilhac.com\/?p=895","title":{"rendered":"\u2022 D\u00e9dicace FRANCIS \u2022"},"content":{"rendered":"<p>Avec Jake Raynal,<br \/>\nLibrairie LA MALLE AUX HISTOIRES,<br \/>\n81 avenue Jean Lolive, m\u00e9tro Hoche,<br \/>\nLe samedi 20 f\u00e9vrier 2010 \u00e0 partir de 16h.<\/p>\n<p><img loading=\"lazy\" src=\"https:\/\/www.clairebouilhac.com\/wp-content\/uploads\/2010\/01\/francis-blaireau-1.jpg\" alt=\"francis blaireau 1\" title=\"francis blaireau 1\" width=\"407\" height=\"367\" class=\"alignnone size-full wp-image-870\" srcset=\"https:\/\/www.clairebouilhac.com\/wp-content\/uploads\/2010\/01\/francis-blaireau-1.jpg 407w, https:\/\/www.clairebouilhac.com\/wp-content\/uploads\/2010\/01\/francis-blaireau-1-300x270.jpg 300w\" sizes=\"(max-width: 407px) 100vw, 407px\" \/><\/p>\n","protected":false},"excerpt":{"rendered":"<p>Avec Jake Raynal, Librairie LA MALLE AUX HISTOIRES, 81 avenue Jean Lolive, m\u00e9tro Hoche, Le samedi 20 f\u00e9vrier 2010 \u00e0 partir de 16h.<\/p>\n","protected":false},"author":1,"featured_media":0,"comment_status":"open","ping_status":"open","sticky":false,"template":"","format":"standard","meta":[],"categories":[1],"tags":[],"aioseo_notices":[],"_links":{"self":[{"href":"https:\/\/www.clairebouilhac.com\/index.php?rest_route=\/wp\/v2\/posts\/895"}],"collection":[{"href":"https:\/\/www.clairebouilhac.com\/index.php?rest_route=\/wp\/v2\/posts"}],"about":[{"href":"https:\/\/www.clairebouilhac.com\/index.php?rest_route=\/wp\/v2\/types\/post"}],"author":[{"embeddable":true,"href":"https:\/\/www.clairebouilhac.com\/index.php?rest_route=\/wp\/v2\/users\/1"}],"replies":[{"embeddable":true,"href":"https:\/\/www.clairebouilhac.com\/index.php?rest_route=%2Fwp%2Fv2%2Fcomments&post=895"}],"version-history":[{"count":0,"href":"https:\/\/www.clairebouilhac.com\/index.php?rest_route=\/wp\/v2\/posts\/895\/revisions"}],"wp:attachment":[{"href":"https:\/\/www.clairebouilhac.com\/index.php?rest_route=%2Fwp%2Fv2%2Fmedia&parent=895"}],"wp:term":[{"taxonomy":"category","embeddable":true,"href":"https:\/\/www.clairebouilhac.com\/index.php?rest_route=%2Fwp%2Fv2%2Fcategories&post=895"},{"taxonomy":"post_tag","embeddable":true,"href":"https:\/\/www.clairebouilhac.com\/index.php?rest_route=%2Fwp%2Fv2%2Ftags&post=895"}],"curies":[{"name":"wp","href":"https:\/\/api.w.org\/{rel}","templated":true}]}}